{"id":29337,"date":"2026-04-28T20:47:23","date_gmt":"2026-04-28T18:47:23","guid":{"rendered":"https:\/\/web.lasallesantiago.gal\/amigo-hermano-maestro\/"},"modified":"2026-04-28T20:47:24","modified_gmt":"2026-04-28T18:47:24","slug":"amigo-hermano-maestro","status":"publish","type":"post","link":"https:\/\/web.lasallesantiago.gal\/es\/amigo-hermano-maestro\/","title":{"rendered":"Amigo, Hermano, Maestro"},"content":{"rendered":"\n<h2 class=\"wp-block-heading has-text-color has-link-color wp-elements-0ebc0dd222bb220207a3710b7aa61e49\" style=\"color:#2c42bd\">\u00a1Celebramos juntos!<\/h2>\n\n<p>Durante esta semana, nuestro colegio celebr\u00f3 con gran entusiasmo las fiestas en honor a su fundador, San Juan Bautista de La Salle, unos d\u00edas muy especiales en los que particip\u00f3 toda la comunidad educativa.<\/p>\n\n<p>Las carreras fueron uno de los momentos m\u00e1s emocionantes, en las que el alumnado demostr\u00f3 su esp\u00edritu deportivo y compa\u00f1erismo. Continuamos con la inauguraci\u00f3n de las fiestas, con una participaci\u00f3n especial del alumnado de 5 a\u00f1os con su desfile y, resaltando la emotividad de este acto, se dio comienzo a una jornada llena de diversi\u00f3n. <\/p>\n\n<p>Los diversos concursos despertaron la creatividad de los participantes, disfrutamos de las exhibiciones y los hinchables hicieron las delicias de los m\u00e1s peque\u00f1os. Juegos, m\u00fasica, exposici\u00f3n, teatro, celebraci\u00f3n y, sobre todo, esta tarde del jueves fue un tiempo de convivencia. <\/p>\n\n<p><br\/>Las familias tuvieron un papel importante, ya que pudieron asistir y compartir muchos momentos de esta festividad. Desde la etapa de infantil, queremos agradecer tambi\u00e9n su colaboraci\u00f3n para nuestra tienda en las fiestas, que tiene como fin recaudar fondos para el proyecto que PROYDE lleva a cabo en L\u00edbano. <\/p>\n\n<p><br\/>En definitiva, d\u00edas emocionantes y divertidos en los que toda la comunidad educativa tiene la oportunidad de reunirse, compartir y disfrutar celebrando a nuestro fundador, San Juan Bautista de La Salle.<\/p>\n\n<figure class=\"wp-block-gallery has-nested-images columns-default is-cropped wp-block-gallery-1 is-layout-flex wp-block-gallery-is-layout-flex\">\n<figure class=\"wp-block-image size-large\"><img loading=\"lazy\" decoding=\"async\" width=\"614\" height=\"1024\" data-id=\"29332\" src=\"https:\/\/web.lasallesantiago.gal\/wp-content\/uploads\/2026\/04\/WhatsApp-Image-2026-04-28-at-12.48.14-614x1024.jpeg\" alt=\"\" class=\"wp-image-29332\" srcset=\"https:\/\/web.lasallesantiago.gal\/wp-content\/uploads\/2026\/04\/WhatsApp-Image-2026-04-28-at-12.48.14-614x1024.jpeg 614w, https:\/\/web.lasallesantiago.gal\/wp-content\/uploads\/2026\/04\/WhatsApp-Image-2026-04-28-at-12.48.14-180x300.jpeg 180w, https:\/\/web.lasallesantiago.gal\/wp-content\/uploads\/2026\/04\/WhatsApp-Image-2026-04-28-at-12.48.14-600x1000.jpeg 600w, https:\/\/web.lasallesantiago.gal\/wp-content\/uploads\/2026\/04\/WhatsApp-Image-2026-04-28-at-12.48.14.jpeg 720w\" sizes=\"auto, (max-width: 614px) 100vw, 614px\" \/><\/figure>\n\n\n\n<figure class=\"wp-block-image size-large\"><img loading=\"lazy\" decoding=\"async\" width=\"768\" height=\"1024\" data-id=\"29330\" src=\"https:\/\/web.lasallesantiago.gal\/wp-content\/uploads\/2026\/04\/WhatsApp-Image-2026-04-28-at-12.48.14-1-768x1024.jpeg\" alt=\"\" class=\"wp-image-29330\" srcset=\"https:\/\/web.lasallesantiago.gal\/wp-content\/uploads\/2026\/04\/WhatsApp-Image-2026-04-28-at-12.48.14-1-768x1024.jpeg 768w, https:\/\/web.lasallesantiago.gal\/wp-content\/uploads\/2026\/04\/WhatsApp-Image-2026-04-28-at-12.48.14-1-225x300.jpeg 225w, https:\/\/web.lasallesantiago.gal\/wp-content\/uploads\/2026\/04\/WhatsApp-Image-2026-04-28-at-12.48.14-1-600x800.jpeg 600w, https:\/\/web.lasallesantiago.gal\/wp-content\/uploads\/2026\/04\/WhatsApp-Image-2026-04-28-at-12.48.14-1.jpeg 855w\" sizes=\"auto, (max-width: 768px) 100vw, 768px\" \/><\/figure>\n\n\n\n<figure class=\"wp-block-image size-large\"><img loading=\"lazy\" decoding=\"async\" width=\"576\" height=\"1024\" data-id=\"29328\" src=\"https:\/\/web.lasallesantiago.gal\/wp-content\/uploads\/2026\/04\/WhatsApp-Image-2026-04-28-at-12.48.14-2-576x1024.jpeg\" alt=\"\" class=\"wp-image-29328\" srcset=\"https:\/\/web.lasallesantiago.gal\/wp-content\/uploads\/2026\/04\/WhatsApp-Image-2026-04-28-at-12.48.14-2-576x1024.jpeg 576w, https:\/\/web.lasallesantiago.gal\/wp-content\/uploads\/2026\/04\/WhatsApp-Image-2026-04-28-at-12.48.14-2-169x300.jpeg 169w, https:\/\/web.lasallesantiago.gal\/wp-content\/uploads\/2026\/04\/WhatsApp-Image-2026-04-28-at-12.48.14-2-768x1365.jpeg 768w, https:\/\/web.lasallesantiago.gal\/wp-content\/uploads\/2026\/04\/WhatsApp-Image-2026-04-28-at-12.48.14-2-864x1536.jpeg 864w, https:\/\/web.lasallesantiago.gal\/wp-content\/uploads\/2026\/04\/WhatsApp-Image-2026-04-28-at-12.48.14-2-600x1067.jpeg 600w, https:\/\/web.lasallesantiago.gal\/wp-content\/uploads\/2026\/04\/WhatsApp-Image-2026-04-28-at-12.48.14-2.jpeg 1125w\" sizes=\"auto, (max-width: 576px) 100vw, 576px\" \/><\/figure>\n\n\n\n<figure class=\"wp-block-image size-large\"><img loading=\"lazy\" decoding=\"async\" width=\"576\" height=\"1024\" data-id=\"29326\" src=\"https:\/\/web.lasallesantiago.gal\/wp-content\/uploads\/2026\/04\/WhatsApp-Image-2026-04-28-at-12.48.14-3-576x1024.jpeg\" alt=\"\" class=\"wp-image-29326\" srcset=\"https:\/\/web.lasallesantiago.gal\/wp-content\/uploads\/2026\/04\/WhatsApp-Image-2026-04-28-at-12.48.14-3-576x1024.jpeg 576w, https:\/\/web.lasallesantiago.gal\/wp-content\/uploads\/2026\/04\/WhatsApp-Image-2026-04-28-at-12.48.14-3-169x300.jpeg 169w, https:\/\/web.lasallesantiago.gal\/wp-content\/uploads\/2026\/04\/WhatsApp-Image-2026-04-28-at-12.48.14-3-768x1365.jpeg 768w, https:\/\/web.lasallesantiago.gal\/wp-content\/uploads\/2026\/04\/WhatsApp-Image-2026-04-28-at-12.48.14-3-864x1536.jpeg 864w, https:\/\/web.lasallesantiago.gal\/wp-content\/uploads\/2026\/04\/WhatsApp-Image-2026-04-28-at-12.48.14-3-600x1067.jpeg 600w, https:\/\/web.lasallesantiago.gal\/wp-content\/uploads\/2026\/04\/WhatsApp-Image-2026-04-28-at-12.48.14-3.jpeg 1125w\" sizes=\"auto, (max-width: 576px) 100vw, 576px\" \/><\/figure>\n\n\n\n<figure class=\"wp-block-image size-large\"><img loading=\"lazy\" decoding=\"async\" width=\"540\" height=\"1024\" data-id=\"29324\" src=\"https:\/\/web.lasallesantiago.gal\/wp-content\/uploads\/2026\/04\/WhatsApp-Image-2026-04-28-at-12.48.15-540x1024.jpeg\" alt=\"\" class=\"wp-image-29324\" srcset=\"https:\/\/web.lasallesantiago.gal\/wp-content\/uploads\/2026\/04\/WhatsApp-Image-2026-04-28-at-12.48.15-540x1024.jpeg 540w, https:\/\/web.lasallesantiago.gal\/wp-content\/uploads\/2026\/04\/WhatsApp-Image-2026-04-28-at-12.48.15-158x300.jpeg 158w, https:\/\/web.lasallesantiago.gal\/wp-content\/uploads\/2026\/04\/WhatsApp-Image-2026-04-28-at-12.48.15-768x1456.jpeg 768w, https:\/\/web.lasallesantiago.gal\/wp-content\/uploads\/2026\/04\/WhatsApp-Image-2026-04-28-at-12.48.15-810x1536.jpeg 810w, https:\/\/web.lasallesantiago.gal\/wp-content\/uploads\/2026\/04\/WhatsApp-Image-2026-04-28-at-12.48.15-600x1138.jpeg 600w, https:\/\/web.lasallesantiago.gal\/wp-content\/uploads\/2026\/04\/WhatsApp-Image-2026-04-28-at-12.48.15.jpeg 994w\" sizes=\"auto, (max-width: 540px) 100vw, 540px\" \/><\/figure>\n\n\n\n<figure class=\"wp-block-image size-large\"><img loading=\"lazy\" decoding=\"async\" width=\"1024\" height=\"683\" data-id=\"29322\" src=\"https:\/\/web.lasallesantiago.gal\/wp-content\/uploads\/2026\/04\/WhatsApp-Image-2026-04-28-at-12.48.15-1-1024x683.jpeg\" alt=\"\" class=\"wp-image-29322\" srcset=\"https:\/\/web.lasallesantiago.gal\/wp-content\/uploads\/2026\/04\/WhatsApp-Image-2026-04-28-at-12.48.15-1-1024x683.jpeg 1024w, https:\/\/web.lasallesantiago.gal\/wp-content\/uploads\/2026\/04\/WhatsApp-Image-2026-04-28-at-12.48.15-1-300x200.jpeg 300w, https:\/\/web.lasallesantiago.gal\/wp-content\/uploads\/2026\/04\/WhatsApp-Image-2026-04-28-at-12.48.15-1-768x512.jpeg 768w, https:\/\/web.lasallesantiago.gal\/wp-content\/uploads\/2026\/04\/WhatsApp-Image-2026-04-28-at-12.48.15-1-1536x1024.jpeg 1536w, https:\/\/web.lasallesantiago.gal\/wp-content\/uploads\/2026\/04\/WhatsApp-Image-2026-04-28-at-12.48.15-1-600x400.jpeg 600w, https:\/\/web.lasallesantiago.gal\/wp-content\/uploads\/2026\/04\/WhatsApp-Image-2026-04-28-at-12.48.15-1-272x182.jpeg 272w, https:\/\/web.lasallesantiago.gal\/wp-content\/uploads\/2026\/04\/WhatsApp-Image-2026-04-28-at-12.48.15-1.jpeg 1992w\" sizes=\"auto, (max-width: 1024px) 100vw, 1024px\" \/><\/figure>\n\n\n\n<figure class=\"wp-block-image size-large\"><img loading=\"lazy\" decoding=\"async\" width=\"1024\" height=\"683\" data-id=\"29320\" src=\"https:\/\/web.lasallesantiago.gal\/wp-content\/uploads\/2026\/04\/WhatsApp-Image-2026-04-28-at-12.48.15-2-1024x683.jpeg\" alt=\"\" class=\"wp-image-29320\" srcset=\"https:\/\/web.lasallesantiago.gal\/wp-content\/uploads\/2026\/04\/WhatsApp-Image-2026-04-28-at-12.48.15-2-1024x683.jpeg 1024w, https:\/\/web.lasallesantiago.gal\/wp-content\/uploads\/2026\/04\/WhatsApp-Image-2026-04-28-at-12.48.15-2-300x200.jpeg 300w, https:\/\/web.lasallesantiago.gal\/wp-content\/uploads\/2026\/04\/WhatsApp-Image-2026-04-28-at-12.48.15-2-768x512.jpeg 768w, https:\/\/web.lasallesantiago.gal\/wp-content\/uploads\/2026\/04\/WhatsApp-Image-2026-04-28-at-12.48.15-2-1536x1024.jpeg 1536w, https:\/\/web.lasallesantiago.gal\/wp-content\/uploads\/2026\/04\/WhatsApp-Image-2026-04-28-at-12.48.15-2-600x400.jpeg 600w, https:\/\/web.lasallesantiago.gal\/wp-content\/uploads\/2026\/04\/WhatsApp-Image-2026-04-28-at-12.48.15-2-272x182.jpeg 272w, https:\/\/web.lasallesantiago.gal\/wp-content\/uploads\/2026\/04\/WhatsApp-Image-2026-04-28-at-12.48.15-2.jpeg 1992w\" sizes=\"auto, (max-width: 1024px) 100vw, 1024px\" \/><\/figure>\n\n\n\n<figure class=\"wp-block-image size-large\"><img loading=\"lazy\" decoding=\"async\" width=\"1024\" height=\"683\" data-id=\"29318\" src=\"https:\/\/web.lasallesantiago.gal\/wp-content\/uploads\/2026\/04\/WhatsApp-Image-2026-04-28-at-12.48.15-3-1024x683.jpeg\" alt=\"\" class=\"wp-image-29318\" srcset=\"https:\/\/web.lasallesantiago.gal\/wp-content\/uploads\/2026\/04\/WhatsApp-Image-2026-04-28-at-12.48.15-3-1024x683.jpeg 1024w, https:\/\/web.lasallesantiago.gal\/wp-content\/uploads\/2026\/04\/WhatsApp-Image-2026-04-28-at-12.48.15-3-300x200.jpeg 300w, https:\/\/web.lasallesantiago.gal\/wp-content\/uploads\/2026\/04\/WhatsApp-Image-2026-04-28-at-12.48.15-3-768x512.jpeg 768w, https:\/\/web.lasallesantiago.gal\/wp-content\/uploads\/2026\/04\/WhatsApp-Image-2026-04-28-at-12.48.15-3-1536x1024.jpeg 1536w, https:\/\/web.lasallesantiago.gal\/wp-content\/uploads\/2026\/04\/WhatsApp-Image-2026-04-28-at-12.48.15-3-600x400.jpeg 600w, https:\/\/web.lasallesantiago.gal\/wp-content\/uploads\/2026\/04\/WhatsApp-Image-2026-04-28-at-12.48.15-3-272x182.jpeg 272w, https:\/\/web.lasallesantiago.gal\/wp-content\/uploads\/2026\/04\/WhatsApp-Image-2026-04-28-at-12.48.15-3.jpeg 1992w\" sizes=\"auto, (max-width: 1024px) 100vw, 1024px\" \/><\/figure>\n\n\n\n<figure class=\"wp-block-image size-large\"><img loading=\"lazy\" decoding=\"async\" width=\"576\" height=\"1024\" data-id=\"29316\" src=\"https:\/\/web.lasallesantiago.gal\/wp-content\/uploads\/2026\/04\/WhatsApp-Image-2026-04-28-at-12.48.15-4-576x1024.jpeg\" alt=\"\" class=\"wp-image-29316\" srcset=\"https:\/\/web.lasallesantiago.gal\/wp-content\/uploads\/2026\/04\/WhatsApp-Image-2026-04-28-at-12.48.15-4-576x1024.jpeg 576w, https:\/\/web.lasallesantiago.gal\/wp-content\/uploads\/2026\/04\/WhatsApp-Image-2026-04-28-at-12.48.15-4-169x300.jpeg 169w, https:\/\/web.lasallesantiago.gal\/wp-content\/uploads\/2026\/04\/WhatsApp-Image-2026-04-28-at-12.48.15-4-768x1365.jpeg 768w, https:\/\/web.lasallesantiago.gal\/wp-content\/uploads\/2026\/04\/WhatsApp-Image-2026-04-28-at-12.48.15-4-864x1536.jpeg 864w, https:\/\/web.lasallesantiago.gal\/wp-content\/uploads\/2026\/04\/WhatsApp-Image-2026-04-28-at-12.48.15-4-600x1067.jpeg 600w, https:\/\/web.lasallesantiago.gal\/wp-content\/uploads\/2026\/04\/WhatsApp-Image-2026-04-28-at-12.48.15-4.jpeg 1125w\" sizes=\"auto, (max-width: 576px) 100vw, 576px\" \/><\/figure>\n\n\n\n<figure class=\"wp-block-image size-large\"><img loading=\"lazy\" decoding=\"async\" width=\"576\" height=\"1024\" data-id=\"29334\" src=\"https:\/\/web.lasallesantiago.gal\/wp-content\/uploads\/2026\/04\/WhatsApp-Image-2026-04-28-at-12.48.13-576x1024.jpeg\" alt=\"\" class=\"wp-image-29334\" srcset=\"https:\/\/web.lasallesantiago.gal\/wp-content\/uploads\/2026\/04\/WhatsApp-Image-2026-04-28-at-12.48.13-576x1024.jpeg 576w, https:\/\/web.lasallesantiago.gal\/wp-content\/uploads\/2026\/04\/WhatsApp-Image-2026-04-28-at-12.48.13-169x300.jpeg 169w, https:\/\/web.lasallesantiago.gal\/wp-content\/uploads\/2026\/04\/WhatsApp-Image-2026-04-28-at-12.48.13-768x1365.jpeg 768w, https:\/\/web.lasallesantiago.gal\/wp-content\/uploads\/2026\/04\/WhatsApp-Image-2026-04-28-at-12.48.13-864x1536.jpeg 864w, https:\/\/web.lasallesantiago.gal\/wp-content\/uploads\/2026\/04\/WhatsApp-Image-2026-04-28-at-12.48.13-600x1067.jpeg 600w, https:\/\/web.lasallesantiago.gal\/wp-content\/uploads\/2026\/04\/WhatsApp-Image-2026-04-28-at-12.48.13.jpeg 1125w\" sizes=\"auto, (max-width: 576px) 100vw, 576px\" \/><\/figure>\n<\/figure>\n","protected":false},"excerpt":{"rendered":"<p>\u00a1Celebramos juntos! Durante esta semana, nuestro colegio celebr\u00f3 con gran entusiasmo las fiestas en honor a su fundador, San Juan Bautista de La Salle, unos d\u00edas muy especiales en los que particip\u00f3 toda la comunidad educativa. Las carreras fueron uno &hellip; <\/p>\n","protected":false},"author":10,"featured_media":29315,"comment_status":"closed","ping_status":"closed","sticky":false,"template":"","format":"standard","meta":{"footnotes":""},"categories":[81,82],"tags":[],"class_list":["post-29337","post","type-post","status-publish","format-standard","has-post-thumbnail","hentry","category-actualidad","category-infantil"],"_links":{"self":[{"href":"https:\/\/web.lasallesantiago.gal\/es\/wp-json\/wp\/v2\/posts\/29337","targetHints":{"allow":["GET"]}}],"collection":[{"href":"https:\/\/web.lasallesantiago.gal\/es\/wp-json\/wp\/v2\/posts"}],"about":[{"href":"https:\/\/web.lasallesantiago.gal\/es\/wp-json\/wp\/v2\/types\/post"}],"author":[{"embeddable":true,"href":"https:\/\/web.lasallesantiago.gal\/es\/wp-json\/wp\/v2\/users\/10"}],"replies":[{"embeddable":true,"href":"https:\/\/web.lasallesantiago.gal\/es\/wp-json\/wp\/v2\/comments?post=29337"}],"version-history":[{"count":1,"href":"https:\/\/web.lasallesantiago.gal\/es\/wp-json\/wp\/v2\/posts\/29337\/revisions"}],"predecessor-version":[{"id":29338,"href":"https:\/\/web.lasallesantiago.gal\/es\/wp-json\/wp\/v2\/posts\/29337\/revisions\/29338"}],"wp:featuredmedia":[{"embeddable":true,"href":"https:\/\/web.lasallesantiago.gal\/es\/wp-json\/wp\/v2\/media\/29315"}],"wp:attachment":[{"href":"https:\/\/web.lasallesantiago.gal\/es\/wp-json\/wp\/v2\/media?parent=29337"}],"wp:term":[{"taxonomy":"category","embeddable":true,"href":"https:\/\/web.lasallesantiago.gal\/es\/wp-json\/wp\/v2\/categories?post=29337"},{"taxonomy":"post_tag","embeddable":true,"href":"https:\/\/web.lasallesantiago.gal\/es\/wp-json\/wp\/v2\/tags?post=29337"}],"curies":[{"name":"wp","href":"https:\/\/api.w.org\/{rel}","templated":true}]}}