{"id":28962,"date":"2026-03-18T11:55:27","date_gmt":"2026-03-18T10:55:27","guid":{"rendered":"https:\/\/web.lasallesantiago.gal\/?p=28962"},"modified":"2026-03-18T11:55:31","modified_gmt":"2026-03-18T10:55:31","slug":"una-manana-muy-especial","status":"publish","type":"post","link":"https:\/\/web.lasallesantiago.gal\/es\/una-manana-muy-especial\/","title":{"rendered":"\u00a1Una ma\u00f1ana muy especial!"},"content":{"rendered":"\n<p class=\"has-text-align-left\">La semana pasada, las ni\u00f1as y ni\u00f1os de sexto de primaria acudieron al Auditorio de Galicia a disfrutar de la obra \u00abSoy Salvaje!\u00bb interpretada por la compa\u00f1\u00eda de teatro Lana Maquin\u00e9 en colaboraci\u00f3n con la espectacular Real Filarmon\u00eda de Galicia. <\/p>\n\n<p>La obra nos cont\u00f3 la emocionante historia de Mona, una ni\u00f1a criada en la selva por un gorila llamado Koko. Un d\u00eda, los seres humanos invaden y destruyen su hogar, llevan la Mona a la civilizaci\u00f3n para educarla y encierran la Koko en un zool\u00f3gico. La historia de Mona y Koko nos inspira a reflexionar sobre la importancia de proteger nuestro planeta y tomar medidas para conservar su belleza y biodiversidad.  <\/p>\n\n<p class=\"has-text-align-center\"><strong>Qu\u00e9 gran lujo sentimos por esta oportunidad. \u00a1Ya estamos deseando volver a disfrutar del teatro y de la m\u00fasica! <\/strong><\/p>\n\n<figure class=\"wp-block-gallery has-nested-images columns-default is-cropped wp-block-gallery-1 is-layout-flex wp-block-gallery-is-layout-flex\">\n<figure class=\"wp-block-image size-large\"><img loading=\"lazy\" decoding=\"async\" width=\"1024\" height=\"768\" data-id=\"28956\" src=\"https:\/\/web.lasallesantiago.gal\/wp-content\/uploads\/2026\/03\/1-2-1024x768.jpeg\" alt=\"\" class=\"wp-image-28956\" srcset=\"https:\/\/web.lasallesantiago.gal\/wp-content\/uploads\/2026\/03\/1-2-1024x768.jpeg 1024w, https:\/\/web.lasallesantiago.gal\/wp-content\/uploads\/2026\/03\/1-2-300x225.jpeg 300w, https:\/\/web.lasallesantiago.gal\/wp-content\/uploads\/2026\/03\/1-2-768x576.jpeg 768w, https:\/\/web.lasallesantiago.gal\/wp-content\/uploads\/2026\/03\/1-2-1536x1152.jpeg 1536w, https:\/\/web.lasallesantiago.gal\/wp-content\/uploads\/2026\/03\/1-2-600x450.jpeg 600w, https:\/\/web.lasallesantiago.gal\/wp-content\/uploads\/2026\/03\/1-2.jpeg 1600w\" sizes=\"auto, (max-width: 1024px) 100vw, 1024px\" \/><\/figure>\n\n\n\n<figure class=\"wp-block-image size-large\"><img loading=\"lazy\" decoding=\"async\" width=\"1024\" height=\"768\" data-id=\"28955\" src=\"https:\/\/web.lasallesantiago.gal\/wp-content\/uploads\/2026\/03\/3-2-1024x768.jpeg\" alt=\"\" class=\"wp-image-28955\" srcset=\"https:\/\/web.lasallesantiago.gal\/wp-content\/uploads\/2026\/03\/3-2-1024x768.jpeg 1024w, https:\/\/web.lasallesantiago.gal\/wp-content\/uploads\/2026\/03\/3-2-300x225.jpeg 300w, https:\/\/web.lasallesantiago.gal\/wp-content\/uploads\/2026\/03\/3-2-768x576.jpeg 768w, https:\/\/web.lasallesantiago.gal\/wp-content\/uploads\/2026\/03\/3-2-1536x1152.jpeg 1536w, https:\/\/web.lasallesantiago.gal\/wp-content\/uploads\/2026\/03\/3-2-600x450.jpeg 600w, https:\/\/web.lasallesantiago.gal\/wp-content\/uploads\/2026\/03\/3-2.jpeg 1600w\" sizes=\"auto, (max-width: 1024px) 100vw, 1024px\" \/><\/figure>\n<\/figure>\n\n<p><\/p>\n","protected":false},"excerpt":{"rendered":"<p>La semana pasada, las ni\u00f1as y ni\u00f1os de sexto de primaria acudieron al Auditorio de Galicia a disfrutar de la obra \u00abSoy Salvaje!\u00bb interpretada por la compa\u00f1\u00eda de teatro Lana Maquin\u00e9 en colaboraci\u00f3n con la espectacular Real Filarmon\u00eda de Galicia. &hellip; <\/p>\n","protected":false},"author":11,"featured_media":28960,"comment_status":"closed","ping_status":"closed","sticky":false,"template":"","format":"standard","meta":{"footnotes":""},"categories":[81,83],"tags":[],"class_list":["post-28962","post","type-post","status-publish","format-standard","has-post-thumbnail","hentry","category-actualidad","category-primaria"],"_links":{"self":[{"href":"https:\/\/web.lasallesantiago.gal\/es\/wp-json\/wp\/v2\/posts\/28962","targetHints":{"allow":["GET"]}}],"collection":[{"href":"https:\/\/web.lasallesantiago.gal\/es\/wp-json\/wp\/v2\/posts"}],"about":[{"href":"https:\/\/web.lasallesantiago.gal\/es\/wp-json\/wp\/v2\/types\/post"}],"author":[{"embeddable":true,"href":"https:\/\/web.lasallesantiago.gal\/es\/wp-json\/wp\/v2\/users\/11"}],"replies":[{"embeddable":true,"href":"https:\/\/web.lasallesantiago.gal\/es\/wp-json\/wp\/v2\/comments?post=28962"}],"version-history":[{"count":1,"href":"https:\/\/web.lasallesantiago.gal\/es\/wp-json\/wp\/v2\/posts\/28962\/revisions"}],"predecessor-version":[{"id":28963,"href":"https:\/\/web.lasallesantiago.gal\/es\/wp-json\/wp\/v2\/posts\/28962\/revisions\/28963"}],"wp:featuredmedia":[{"embeddable":true,"href":"https:\/\/web.lasallesantiago.gal\/es\/wp-json\/wp\/v2\/media\/28960"}],"wp:attachment":[{"href":"https:\/\/web.lasallesantiago.gal\/es\/wp-json\/wp\/v2\/media?parent=28962"}],"wp:term":[{"taxonomy":"category","embeddable":true,"href":"https:\/\/web.lasallesantiago.gal\/es\/wp-json\/wp\/v2\/categories?post=28962"},{"taxonomy":"post_tag","embeddable":true,"href":"https:\/\/web.lasallesantiago.gal\/es\/wp-json\/wp\/v2\/tags?post=28962"}],"curies":[{"name":"wp","href":"https:\/\/api.w.org\/{rel}","templated":true}]}}