{"id":28554,"date":"2026-01-26T21:55:45","date_gmt":"2026-01-26T20:55:45","guid":{"rendered":"https:\/\/web.lasallesantiago.gal\/encuentro-de-familias-en-el-segundo-trimestre\/"},"modified":"2026-01-26T21:56:05","modified_gmt":"2026-01-26T20:56:05","slug":"encuentro-de-familias-en-el-segundo-trimestre","status":"publish","type":"post","link":"https:\/\/web.lasallesantiago.gal\/es\/encuentro-de-familias-en-el-segundo-trimestre\/","title":{"rendered":"Encuentro de familias en el segundo trimestre"},"content":{"rendered":"\n<h2 class=\"wp-block-heading has-text-align-center has-text-color has-link-color wp-elements-a80bfad9d927eff50110dbfe1652ea3c\" style=\"color:#c01aa7\">Esta semana celebramos el segundo encuentro con las familias de Educaci\u00f3n Infantil, un valioso espacio de di\u00e1logo y convivencia que nos permiti\u00f3 seguir fortaleciendo la colaboraci\u00f3n entre el centro educativo y el \u00e1mbito familiar.<\/h2>\n\n<p>A lo largo de la sesi\u00f3n compartimos aspectos clave del d\u00eda a d\u00eda en el aula, poniendo en valor la importancia del acompa\u00f1amiento emocional, del aprendizaje y del desarrollo de la autonom\u00eda en esta etapa tan significativa.<\/p>\n\n<p>Asimismo, se presentaron algunas de las actividades y proyectos que se llevar\u00e1n a cabo a lo largo del curso, reforzando un camino compartido <em>de compromiso en compromiso<\/em> y colaboraci\u00f3n para seguir trabajando juntos por el bienestar y el desarrollo integral de nuestro alumnado.<\/p>\n\n<h2 class=\"wp-block-heading has-text-align-center has-text-color has-link-color wp-elements-8a63d4d1b93f6b48ee39bb269fcfd762\" style=\"color:#c01aa7\">\u00a1Gracias por vuestra participaci\u00f3n y confianza!<\/h2>\n\n<figure class=\"wp-block-gallery has-nested-images columns-default is-cropped wp-block-gallery-1 is-layout-flex wp-block-gallery-is-layout-flex\">\n<figure class=\"wp-block-image size-large\"><img loading=\"lazy\" decoding=\"async\" width=\"1024\" height=\"771\" data-id=\"28551\" src=\"https:\/\/web.lasallesantiago.gal\/wp-content\/uploads\/2026\/01\/IMG_20260126_085218-1024x771.jpg\" alt=\"\" class=\"wp-image-28551\" srcset=\"https:\/\/web.lasallesantiago.gal\/wp-content\/uploads\/2026\/01\/IMG_20260126_085218-1024x771.jpg 1024w, https:\/\/web.lasallesantiago.gal\/wp-content\/uploads\/2026\/01\/IMG_20260126_085218-300x226.jpg 300w, https:\/\/web.lasallesantiago.gal\/wp-content\/uploads\/2026\/01\/IMG_20260126_085218-768x578.jpg 768w, https:\/\/web.lasallesantiago.gal\/wp-content\/uploads\/2026\/01\/IMG_20260126_085218-1536x1157.jpg 1536w, https:\/\/web.lasallesantiago.gal\/wp-content\/uploads\/2026\/01\/IMG_20260126_085218-2048x1542.jpg 2048w, https:\/\/web.lasallesantiago.gal\/wp-content\/uploads\/2026\/01\/IMG_20260126_085218-600x452.jpg 600w\" sizes=\"auto, (max-width: 1024px) 100vw, 1024px\" \/><\/figure>\n\n\n\n<figure class=\"wp-block-image size-large\"><img loading=\"lazy\" decoding=\"async\" width=\"1024\" height=\"577\" data-id=\"28547\" src=\"https:\/\/web.lasallesantiago.gal\/wp-content\/uploads\/2026\/01\/IMG_20260126_195700-1024x577.jpg\" alt=\"\" class=\"wp-image-28547\" srcset=\"https:\/\/web.lasallesantiago.gal\/wp-content\/uploads\/2026\/01\/IMG_20260126_195700-1024x577.jpg 1024w, https:\/\/web.lasallesantiago.gal\/wp-content\/uploads\/2026\/01\/IMG_20260126_195700-300x169.jpg 300w, https:\/\/web.lasallesantiago.gal\/wp-content\/uploads\/2026\/01\/IMG_20260126_195700-768x432.jpg 768w, https:\/\/web.lasallesantiago.gal\/wp-content\/uploads\/2026\/01\/IMG_20260126_195700-1536x865.jpg 1536w, https:\/\/web.lasallesantiago.gal\/wp-content\/uploads\/2026\/01\/IMG_20260126_195700-2048x1153.jpg 2048w, https:\/\/web.lasallesantiago.gal\/wp-content\/uploads\/2026\/01\/IMG_20260126_195700-600x338.jpg 600w\" sizes=\"auto, (max-width: 1024px) 100vw, 1024px\" \/><\/figure>\n<\/figure>\n","protected":false},"excerpt":{"rendered":"<p>Esta semana celebramos el segundo encuentro con las familias de Educaci\u00f3n Infantil, un valioso espacio de di\u00e1logo y convivencia que nos permiti\u00f3 seguir fortaleciendo la colaboraci\u00f3n entre el centro educativo y el \u00e1mbito familiar. A lo largo de la sesi\u00f3n &hellip; <\/p>\n","protected":false},"author":10,"featured_media":28550,"comment_status":"closed","ping_status":"closed","sticky":false,"template":"","format":"standard","meta":{"footnotes":""},"categories":[81],"tags":[],"class_list":["post-28554","post","type-post","status-publish","format-standard","has-post-thumbnail","hentry","category-actualidad"],"_links":{"self":[{"href":"https:\/\/web.lasallesantiago.gal\/es\/wp-json\/wp\/v2\/posts\/28554","targetHints":{"allow":["GET"]}}],"collection":[{"href":"https:\/\/web.lasallesantiago.gal\/es\/wp-json\/wp\/v2\/posts"}],"about":[{"href":"https:\/\/web.lasallesantiago.gal\/es\/wp-json\/wp\/v2\/types\/post"}],"author":[{"embeddable":true,"href":"https:\/\/web.lasallesantiago.gal\/es\/wp-json\/wp\/v2\/users\/10"}],"replies":[{"embeddable":true,"href":"https:\/\/web.lasallesantiago.gal\/es\/wp-json\/wp\/v2\/comments?post=28554"}],"version-history":[{"count":3,"href":"https:\/\/web.lasallesantiago.gal\/es\/wp-json\/wp\/v2\/posts\/28554\/revisions"}],"predecessor-version":[{"id":28557,"href":"https:\/\/web.lasallesantiago.gal\/es\/wp-json\/wp\/v2\/posts\/28554\/revisions\/28557"}],"wp:featuredmedia":[{"embeddable":true,"href":"https:\/\/web.lasallesantiago.gal\/es\/wp-json\/wp\/v2\/media\/28550"}],"wp:attachment":[{"href":"https:\/\/web.lasallesantiago.gal\/es\/wp-json\/wp\/v2\/media?parent=28554"}],"wp:term":[{"taxonomy":"category","embeddable":true,"href":"https:\/\/web.lasallesantiago.gal\/es\/wp-json\/wp\/v2\/categories?post=28554"},{"taxonomy":"post_tag","embeddable":true,"href":"https:\/\/web.lasallesantiago.gal\/es\/wp-json\/wp\/v2\/tags?post=28554"}],"curies":[{"name":"wp","href":"https:\/\/api.w.org\/{rel}","templated":true}]}}