{"id":26294,"date":"2024-12-04T20:48:55","date_gmt":"2024-12-04T19:48:55","guid":{"rendered":"https:\/\/web.lasallesantiago.gal\/?p=26294"},"modified":"2024-12-04T20:49:00","modified_gmt":"2024-12-04T19:49:00","slug":"viva-el-arte","status":"publish","type":"post","link":"https:\/\/web.lasallesantiago.gal\/es\/viva-el-arte\/","title":{"rendered":"\u00a1Viva el arte!"},"content":{"rendered":"\n<p class=\"has-text-align-center\"><strong>\u00a1Las ni\u00f1as y ni\u00f1os de primero de primaria acabaron el tercer proyecto de este curso, y no pueden estar m\u00e1s felices con el resultado!<\/strong><\/p>\n\n<p>Este Museo est\u00e1 muy Vivo fue el t\u00edtulo del proyecto a trav\u00e9s del cual trabajaron el arte en numerosas formas. Compartieron din\u00e1micas de dibujo y creatividad con el alumnado de infantil y con los ni\u00f1os y ni\u00f1as de sexto de primaria. Crearon hermosos murales en los que cada uno fue, de alguna forma, protagonista. Adem\u00e1s, pudieron visitar el emblem\u00e1tico Museo do Pobo Galego, del que salieron entusiasmados.   <\/p>\n\n<p>Gracias a las profesoras por la dedicaci\u00f3n e implicaci\u00f3n, y al alumnado por su participaci\u00f3n y colaboraci\u00f3n.<\/p>\n\n<p class=\"has-text-align-center\"><strong>\u00a1Continuamos con el siguiente proyecto con muchas ganas e ilusi\u00f3n!<\/strong><\/p>\n\n<figure class=\"wp-block-gallery has-nested-images columns-default is-cropped wp-block-gallery-1 is-layout-flex wp-block-gallery-is-layout-flex\">\n<figure class=\"wp-block-image size-large\"><img loading=\"lazy\" decoding=\"async\" width=\"578\" height=\"1024\" data-id=\"26283\" src=\"https:\/\/web.lasallesantiago.gal\/wp-content\/uploads\/2024\/12\/IMG-20241130-WA0004-578x1024.jpg\" alt=\"\" class=\"wp-image-26283\" srcset=\"https:\/\/web.lasallesantiago.gal\/wp-content\/uploads\/2024\/12\/IMG-20241130-WA0004-578x1024.jpg 578w, https:\/\/web.lasallesantiago.gal\/wp-content\/uploads\/2024\/12\/IMG-20241130-WA0004-169x300.jpg 169w, https:\/\/web.lasallesantiago.gal\/wp-content\/uploads\/2024\/12\/IMG-20241130-WA0004-768x1360.jpg 768w, https:\/\/web.lasallesantiago.gal\/wp-content\/uploads\/2024\/12\/IMG-20241130-WA0004-867x1536.jpg 867w, https:\/\/web.lasallesantiago.gal\/wp-content\/uploads\/2024\/12\/IMG-20241130-WA0004-600x1063.jpg 600w, https:\/\/web.lasallesantiago.gal\/wp-content\/uploads\/2024\/12\/IMG-20241130-WA0004.jpg 1152w\" sizes=\"auto, (max-width: 578px) 100vw, 578px\" \/><\/figure>\n\n\n\n<figure class=\"wp-block-image size-large\"><img loading=\"lazy\" decoding=\"async\" width=\"1024\" height=\"1024\" data-id=\"26287\" src=\"https:\/\/web.lasallesantiago.gal\/wp-content\/uploads\/2024\/12\/IMG-20241130-WA0003-1024x1024.jpg\" alt=\"\" class=\"wp-image-26287\" srcset=\"https:\/\/web.lasallesantiago.gal\/wp-content\/uploads\/2024\/12\/IMG-20241130-WA0003-1024x1024.jpg 1024w, https:\/\/web.lasallesantiago.gal\/wp-content\/uploads\/2024\/12\/IMG-20241130-WA0003-300x300.jpg 300w, https:\/\/web.lasallesantiago.gal\/wp-content\/uploads\/2024\/12\/IMG-20241130-WA0003-150x150.jpg 150w, https:\/\/web.lasallesantiago.gal\/wp-content\/uploads\/2024\/12\/IMG-20241130-WA0003-768x768.jpg 768w, https:\/\/web.lasallesantiago.gal\/wp-content\/uploads\/2024\/12\/IMG-20241130-WA0003-1536x1536.jpg 1536w, https:\/\/web.lasallesantiago.gal\/wp-content\/uploads\/2024\/12\/IMG-20241130-WA0003-600x600.jpg 600w, https:\/\/web.lasallesantiago.gal\/wp-content\/uploads\/2024\/12\/IMG-20241130-WA0003-100x100.jpg 100w, https:\/\/web.lasallesantiago.gal\/wp-content\/uploads\/2024\/12\/IMG-20241130-WA0003.jpg 2048w\" sizes=\"auto, (max-width: 1024px) 100vw, 1024px\" \/><\/figure>\n\n\n\n<figure class=\"wp-block-image size-large\"><img loading=\"lazy\" decoding=\"async\" width=\"1024\" height=\"1024\" data-id=\"26288\" src=\"https:\/\/web.lasallesantiago.gal\/wp-content\/uploads\/2024\/12\/IMG-20241130-WA0008-1024x1024.jpg\" alt=\"\" class=\"wp-image-26288\" srcset=\"https:\/\/web.lasallesantiago.gal\/wp-content\/uploads\/2024\/12\/IMG-20241130-WA0008-1024x1024.jpg 1024w, https:\/\/web.lasallesantiago.gal\/wp-content\/uploads\/2024\/12\/IMG-20241130-WA0008-300x300.jpg 300w, https:\/\/web.lasallesantiago.gal\/wp-content\/uploads\/2024\/12\/IMG-20241130-WA0008-150x150.jpg 150w, https:\/\/web.lasallesantiago.gal\/wp-content\/uploads\/2024\/12\/IMG-20241130-WA0008-768x768.jpg 768w, https:\/\/web.lasallesantiago.gal\/wp-content\/uploads\/2024\/12\/IMG-20241130-WA0008-1536x1536.jpg 1536w, https:\/\/web.lasallesantiago.gal\/wp-content\/uploads\/2024\/12\/IMG-20241130-WA0008-600x600.jpg 600w, https:\/\/web.lasallesantiago.gal\/wp-content\/uploads\/2024\/12\/IMG-20241130-WA0008-100x100.jpg 100w, https:\/\/web.lasallesantiago.gal\/wp-content\/uploads\/2024\/12\/IMG-20241130-WA0008.jpg 2048w\" sizes=\"auto, (max-width: 1024px) 100vw, 1024px\" \/><\/figure>\n\n\n\n<figure class=\"wp-block-image size-large\"><img loading=\"lazy\" decoding=\"async\" width=\"578\" height=\"1024\" data-id=\"26285\" src=\"https:\/\/web.lasallesantiago.gal\/wp-content\/uploads\/2024\/12\/IMG-20241130-WA0007-578x1024.jpg\" alt=\"\" class=\"wp-image-26285\" srcset=\"https:\/\/web.lasallesantiago.gal\/wp-content\/uploads\/2024\/12\/IMG-20241130-WA0007-578x1024.jpg 578w, https:\/\/web.lasallesantiago.gal\/wp-content\/uploads\/2024\/12\/IMG-20241130-WA0007-169x300.jpg 169w, https:\/\/web.lasallesantiago.gal\/wp-content\/uploads\/2024\/12\/IMG-20241130-WA0007-768x1360.jpg 768w, https:\/\/web.lasallesantiago.gal\/wp-content\/uploads\/2024\/12\/IMG-20241130-WA0007-867x1536.jpg 867w, https:\/\/web.lasallesantiago.gal\/wp-content\/uploads\/2024\/12\/IMG-20241130-WA0007-600x1063.jpg 600w, https:\/\/web.lasallesantiago.gal\/wp-content\/uploads\/2024\/12\/IMG-20241130-WA0007.jpg 1152w\" sizes=\"auto, (max-width: 578px) 100vw, 578px\" \/><\/figure>\n<\/figure>\n","protected":false},"excerpt":{"rendered":"<p>\u00a1Las ni\u00f1as y ni\u00f1os de primero de primaria acabaron el tercer proyecto de este curso, y no pueden estar m\u00e1s felices con el resultado! Este Museo est\u00e1 muy Vivo fue el t\u00edtulo del proyecto a trav\u00e9s del cual trabajaron el &hellip; <\/p>\n","protected":false},"author":11,"featured_media":26292,"comment_status":"closed","ping_status":"closed","sticky":false,"template":"","format":"standard","meta":{"footnotes":""},"categories":[81,83],"tags":[],"class_list":["post-26294","post","type-post","status-publish","format-standard","has-post-thumbnail","hentry","category-actualidad","category-primaria"],"_links":{"self":[{"href":"https:\/\/web.lasallesantiago.gal\/es\/wp-json\/wp\/v2\/posts\/26294","targetHints":{"allow":["GET"]}}],"collection":[{"href":"https:\/\/web.lasallesantiago.gal\/es\/wp-json\/wp\/v2\/posts"}],"about":[{"href":"https:\/\/web.lasallesantiago.gal\/es\/wp-json\/wp\/v2\/types\/post"}],"author":[{"embeddable":true,"href":"https:\/\/web.lasallesantiago.gal\/es\/wp-json\/wp\/v2\/users\/11"}],"replies":[{"embeddable":true,"href":"https:\/\/web.lasallesantiago.gal\/es\/wp-json\/wp\/v2\/comments?post=26294"}],"version-history":[{"count":1,"href":"https:\/\/web.lasallesantiago.gal\/es\/wp-json\/wp\/v2\/posts\/26294\/revisions"}],"predecessor-version":[{"id":26295,"href":"https:\/\/web.lasallesantiago.gal\/es\/wp-json\/wp\/v2\/posts\/26294\/revisions\/26295"}],"wp:featuredmedia":[{"embeddable":true,"href":"https:\/\/web.lasallesantiago.gal\/es\/wp-json\/wp\/v2\/media\/26292"}],"wp:attachment":[{"href":"https:\/\/web.lasallesantiago.gal\/es\/wp-json\/wp\/v2\/media?parent=26294"}],"wp:term":[{"taxonomy":"category","embeddable":true,"href":"https:\/\/web.lasallesantiago.gal\/es\/wp-json\/wp\/v2\/categories?post=26294"},{"taxonomy":"post_tag","embeddable":true,"href":"https:\/\/web.lasallesantiago.gal\/es\/wp-json\/wp\/v2\/tags?post=26294"}],"curies":[{"name":"wp","href":"https:\/\/api.w.org\/{rel}","templated":true}]}}