{"id":26253,"date":"2024-12-02T15:38:54","date_gmt":"2024-12-02T14:38:54","guid":{"rendered":"https:\/\/web.lasallesantiago.gal\/?p=26253"},"modified":"2024-12-02T15:38:58","modified_gmt":"2024-12-02T14:38:58","slug":"una-manana-inolvidable","status":"publish","type":"post","link":"https:\/\/web.lasallesantiago.gal\/es\/una-manana-inolvidable\/","title":{"rendered":"\u00a1Una ma\u00f1ana inolvidable!"},"content":{"rendered":"\n<p class=\"has-text-align-center\"><strong>\u00a1C\u00f3mo nos gusta ir al teatro!<\/strong><\/p>\n\n<p>La semana pasada, las ni\u00f1as y ni\u00f1os de 4 a\u00f1os de infantil y el alumnado de 1\u00ba de primaria tuvieron una ma\u00f1ana de lo m\u00e1s especial: \u00a1toc\u00f3 ir al teatro!<\/p>\n\n<p>Asistimos al Auditorio de Galicia para ver la obra de Pedro y el Lobo, que Fantoches Baj acompa\u00f1ada de la Banda Municipal de M\u00fasica de Santiago de Compostela adapt\u00f3 y representa con hermosas marionetas.<\/p>\n\n<p class=\"has-text-align-center\"><strong>\u00a1Disfrutamos mucho de esta salida y esperamos poder volver pronto!<\/strong><\/p>\n\n<figure class=\"wp-block-gallery has-nested-images columns-default is-cropped wp-block-gallery-1 is-layout-flex wp-block-gallery-is-layout-flex\">\n<figure class=\"wp-block-image size-large\"><img loading=\"lazy\" decoding=\"async\" width=\"1024\" height=\"577\" data-id=\"26244\" src=\"https:\/\/web.lasallesantiago.gal\/wp-content\/uploads\/2024\/12\/IMG-20241129-WA0003-1024x577.jpg\" alt=\"\" class=\"wp-image-26244\" srcset=\"https:\/\/web.lasallesantiago.gal\/wp-content\/uploads\/2024\/12\/IMG-20241129-WA0003-1024x577.jpg 1024w, https:\/\/web.lasallesantiago.gal\/wp-content\/uploads\/2024\/12\/IMG-20241129-WA0003-300x169.jpg 300w, https:\/\/web.lasallesantiago.gal\/wp-content\/uploads\/2024\/12\/IMG-20241129-WA0003-768x432.jpg 768w, https:\/\/web.lasallesantiago.gal\/wp-content\/uploads\/2024\/12\/IMG-20241129-WA0003-1536x865.jpg 1536w, https:\/\/web.lasallesantiago.gal\/wp-content\/uploads\/2024\/12\/IMG-20241129-WA0003-600x338.jpg 600w, https:\/\/web.lasallesantiago.gal\/wp-content\/uploads\/2024\/12\/IMG-20241129-WA0003.jpg 2000w\" sizes=\"auto, (max-width: 1024px) 100vw, 1024px\" \/><\/figure>\n\n\n\n<figure class=\"wp-block-image size-large\"><img loading=\"lazy\" decoding=\"async\" width=\"1024\" height=\"674\" data-id=\"26246\" src=\"https:\/\/web.lasallesantiago.gal\/wp-content\/uploads\/2024\/12\/IMG-20241129-WA0004-1024x674.jpg\" alt=\"\" class=\"wp-image-26246\" srcset=\"https:\/\/web.lasallesantiago.gal\/wp-content\/uploads\/2024\/12\/IMG-20241129-WA0004-1024x674.jpg 1024w, https:\/\/web.lasallesantiago.gal\/wp-content\/uploads\/2024\/12\/IMG-20241129-WA0004-300x197.jpg 300w, https:\/\/web.lasallesantiago.gal\/wp-content\/uploads\/2024\/12\/IMG-20241129-WA0004-768x505.jpg 768w, https:\/\/web.lasallesantiago.gal\/wp-content\/uploads\/2024\/12\/IMG-20241129-WA0004-1536x1010.jpg 1536w, https:\/\/web.lasallesantiago.gal\/wp-content\/uploads\/2024\/12\/IMG-20241129-WA0004-600x395.jpg 600w, https:\/\/web.lasallesantiago.gal\/wp-content\/uploads\/2024\/12\/IMG-20241129-WA0004.jpg 2048w\" sizes=\"auto, (max-width: 1024px) 100vw, 1024px\" \/><\/figure>\n\n\n\n<figure class=\"wp-block-image size-large\"><img loading=\"lazy\" decoding=\"async\" width=\"768\" height=\"1024\" data-id=\"26248\" src=\"https:\/\/web.lasallesantiago.gal\/wp-content\/uploads\/2024\/12\/IMG-20241129-WA0007-768x1024.jpg\" alt=\"\" class=\"wp-image-26248\" srcset=\"https:\/\/web.lasallesantiago.gal\/wp-content\/uploads\/2024\/12\/IMG-20241129-WA0007-768x1024.jpg 768w, https:\/\/web.lasallesantiago.gal\/wp-content\/uploads\/2024\/12\/IMG-20241129-WA0007-225x300.jpg 225w, https:\/\/web.lasallesantiago.gal\/wp-content\/uploads\/2024\/12\/IMG-20241129-WA0007-1152x1536.jpg 1152w, https:\/\/web.lasallesantiago.gal\/wp-content\/uploads\/2024\/12\/IMG-20241129-WA0007-600x800.jpg 600w, https:\/\/web.lasallesantiago.gal\/wp-content\/uploads\/2024\/12\/IMG-20241129-WA0007.jpg 1536w\" sizes=\"auto, (max-width: 768px) 100vw, 768px\" \/><\/figure>\n<\/figure>\n","protected":false},"excerpt":{"rendered":"<p>\u00a1C\u00f3mo nos gusta ir al teatro! La semana pasada, las ni\u00f1as y ni\u00f1os de 4 a\u00f1os de infantil y el alumnado de 1\u00ba de primaria tuvieron una ma\u00f1ana de lo m\u00e1s especial: \u00a1toc\u00f3 ir al teatro! Asistimos al Auditorio de &hellip; <\/p>\n","protected":false},"author":11,"featured_media":26251,"comment_status":"closed","ping_status":"closed","sticky":false,"template":"","format":"standard","meta":{"footnotes":""},"categories":[81,82,83],"tags":[],"class_list":["post-26253","post","type-post","status-publish","format-standard","has-post-thumbnail","hentry","category-actualidad","category-infantil","category-primaria"],"_links":{"self":[{"href":"https:\/\/web.lasallesantiago.gal\/es\/wp-json\/wp\/v2\/posts\/26253","targetHints":{"allow":["GET"]}}],"collection":[{"href":"https:\/\/web.lasallesantiago.gal\/es\/wp-json\/wp\/v2\/posts"}],"about":[{"href":"https:\/\/web.lasallesantiago.gal\/es\/wp-json\/wp\/v2\/types\/post"}],"author":[{"embeddable":true,"href":"https:\/\/web.lasallesantiago.gal\/es\/wp-json\/wp\/v2\/users\/11"}],"replies":[{"embeddable":true,"href":"https:\/\/web.lasallesantiago.gal\/es\/wp-json\/wp\/v2\/comments?post=26253"}],"version-history":[{"count":1,"href":"https:\/\/web.lasallesantiago.gal\/es\/wp-json\/wp\/v2\/posts\/26253\/revisions"}],"predecessor-version":[{"id":26254,"href":"https:\/\/web.lasallesantiago.gal\/es\/wp-json\/wp\/v2\/posts\/26253\/revisions\/26254"}],"wp:featuredmedia":[{"embeddable":true,"href":"https:\/\/web.lasallesantiago.gal\/es\/wp-json\/wp\/v2\/media\/26251"}],"wp:attachment":[{"href":"https:\/\/web.lasallesantiago.gal\/es\/wp-json\/wp\/v2\/media?parent=26253"}],"wp:term":[{"taxonomy":"category","embeddable":true,"href":"https:\/\/web.lasallesantiago.gal\/es\/wp-json\/wp\/v2\/categories?post=26253"},{"taxonomy":"post_tag","embeddable":true,"href":"https:\/\/web.lasallesantiago.gal\/es\/wp-json\/wp\/v2\/tags?post=26253"}],"curies":[{"name":"wp","href":"https:\/\/api.w.org\/{rel}","templated":true}]}}