{"id":25981,"date":"2024-10-28T08:49:32","date_gmt":"2024-10-28T07:49:32","guid":{"rendered":"https:\/\/web.lasallesantiago.gal\/entrega-de-premios-carta-a-una-militar-espanola\/"},"modified":"2024-10-28T08:49:34","modified_gmt":"2024-10-28T07:49:34","slug":"entrega-de-premios-carta-a-una-militar-espanola","status":"publish","type":"post","link":"https:\/\/web.lasallesantiago.gal\/es\/entrega-de-premios-carta-a-una-militar-espanola\/","title":{"rendered":"Entrega de premios \u201cCarta a una militar espa\u00f1ola\u201d"},"content":{"rendered":"\n<p>El pasado viernes 18 de octubre tuvo lugar en la Delegaci\u00f3n de Defensa de A Coru\u00f1a un acto muy emotivo para conmemorar el D\u00eda de la Delegaci\u00f3n.<\/p>\n\n<p>Junto a otros reconocimientos de car\u00e1cter militar se entregaron los premios del concurso \u201cCarta a una militar espa\u00f1ola\u201d del curso pasado.<\/p>\n\n<p>Nuestra antigua alumna Carme Osende Gonz\u00e1lez recibi\u00f3 en este acto su premio por ser la carta seleccionada por el colegio.<\/p>\n","protected":false},"excerpt":{"rendered":"<p>El pasado viernes 18 de octubre tuvo lugar en la Delegaci\u00f3n de Defensa de A Coru\u00f1a un acto muy emotivo para conmemorar el D\u00eda de la Delegaci\u00f3n. Junto a otros reconocimientos de car\u00e1cter militar se entregaron los premios del concurso &hellip; <\/p>\n","protected":false},"author":1,"featured_media":25979,"comment_status":"closed","ping_status":"closed","sticky":false,"template":"","format":"standard","meta":{"footnotes":""},"categories":[81,100],"tags":[],"class_list":["post-25981","post","type-post","status-publish","format-standard","has-post-thumbnail","hentry","category-actualidad","category-bachillerato"],"_links":{"self":[{"href":"https:\/\/web.lasallesantiago.gal\/es\/wp-json\/wp\/v2\/posts\/25981","targetHints":{"allow":["GET"]}}],"collection":[{"href":"https:\/\/web.lasallesantiago.gal\/es\/wp-json\/wp\/v2\/posts"}],"about":[{"href":"https:\/\/web.lasallesantiago.gal\/es\/wp-json\/wp\/v2\/types\/post"}],"author":[{"embeddable":true,"href":"https:\/\/web.lasallesantiago.gal\/es\/wp-json\/wp\/v2\/users\/1"}],"replies":[{"embeddable":true,"href":"https:\/\/web.lasallesantiago.gal\/es\/wp-json\/wp\/v2\/comments?post=25981"}],"version-history":[{"count":0,"href":"https:\/\/web.lasallesantiago.gal\/es\/wp-json\/wp\/v2\/posts\/25981\/revisions"}],"wp:featuredmedia":[{"embeddable":true,"href":"https:\/\/web.lasallesantiago.gal\/es\/wp-json\/wp\/v2\/media\/25979"}],"wp:attachment":[{"href":"https:\/\/web.lasallesantiago.gal\/es\/wp-json\/wp\/v2\/media?parent=25981"}],"wp:term":[{"taxonomy":"category","embeddable":true,"href":"https:\/\/web.lasallesantiago.gal\/es\/wp-json\/wp\/v2\/categories?post=25981"},{"taxonomy":"post_tag","embeddable":true,"href":"https:\/\/web.lasallesantiago.gal\/es\/wp-json\/wp\/v2\/tags?post=25981"}],"curies":[{"name":"wp","href":"https:\/\/api.w.org\/{rel}","templated":true}]}}