{"id":25097,"date":"2024-03-22T09:39:59","date_gmt":"2024-03-22T08:39:59","guid":{"rendered":"https:\/\/web.lasallesantiago.gal\/olimpiada-de-geografia-2\/"},"modified":"2024-03-22T09:40:19","modified_gmt":"2024-03-22T08:40:19","slug":"olimpiada-de-geografia-2","status":"publish","type":"post","link":"https:\/\/web.lasallesantiago.gal\/es\/olimpiada-de-geografia-2\/","title":{"rendered":"Olimpiada de Geograf\u00eda"},"content":{"rendered":"\n<p>El pasado martes 5, nuestros doce alumnos que cursan la materia de Geograf\u00eda de segundo de Bachillerato, acompa\u00f1ados por su profesor Juan, acudieron a la Olimpiada Geogr\u00e1fica organizada por la Facultad de Geograf\u00eda e Historia de la USC.<\/p>\n\n<p>A lo largo de la jornada tuvieron la oportunidad de realizar varias actividades. Comenzaron con una visita a la Facultad donde, adem\u00e1s de conocerla, tuvieron una breve charla para introducir la prueba que realizar\u00edan a continuaci\u00f3n. De este modo comenzaron el propio examen de la olimpiada. Mientras esperaban los resultados, disfrutaron de un receso en el claustro de la facultad. Acabaron as\u00ed el d\u00eda con una charla sobre las distintas aplicaciones y salidas de la carrera, finalizando con la entrega de premios y diplomas.<\/p>\n\n<p>\u00a1Felicidades por el trabajo!<\/p>\n\n<figure class=\"wp-block-image size-large\"><img loading=\"lazy\" decoding=\"async\" width=\"768\" height=\"1024\" src=\"https:\/\/web.lasallesantiago.gal\/wp-content\/uploads\/2024\/03\/geografia01-768x1024.jpeg\" alt=\"\" class=\"wp-image-25092\" srcset=\"https:\/\/web.lasallesantiago.gal\/wp-content\/uploads\/2024\/03\/geografia01-768x1024.jpeg 768w, https:\/\/web.lasallesantiago.gal\/wp-content\/uploads\/2024\/03\/geografia01-225x300.jpeg 225w, https:\/\/web.lasallesantiago.gal\/wp-content\/uploads\/2024\/03\/geografia01-600x800.jpeg 600w, https:\/\/web.lasallesantiago.gal\/wp-content\/uploads\/2024\/03\/geografia01.jpeg 900w\" sizes=\"auto, (max-width: 768px) 100vw, 768px\" \/><\/figure>\n","protected":false},"excerpt":{"rendered":"<p>El pasado martes 5, nuestros doce alumnos que cursan la materia de Geograf\u00eda de segundo de Bachillerato, acompa\u00f1ados por su profesor Juan, acudieron a la Olimpiada Geogr\u00e1fica organizada por la Facultad de Geograf\u00eda e Historia de la USC. A lo &hellip; <\/p>\n","protected":false},"author":1,"featured_media":25095,"comment_status":"closed","ping_status":"closed","sticky":false,"template":"","format":"standard","meta":{"footnotes":""},"categories":[81,100],"tags":[],"class_list":["post-25097","post","type-post","status-publish","format-standard","has-post-thumbnail","hentry","category-actualidad","category-bachillerato"],"_links":{"self":[{"href":"https:\/\/web.lasallesantiago.gal\/es\/wp-json\/wp\/v2\/posts\/25097","targetHints":{"allow":["GET"]}}],"collection":[{"href":"https:\/\/web.lasallesantiago.gal\/es\/wp-json\/wp\/v2\/posts"}],"about":[{"href":"https:\/\/web.lasallesantiago.gal\/es\/wp-json\/wp\/v2\/types\/post"}],"author":[{"embeddable":true,"href":"https:\/\/web.lasallesantiago.gal\/es\/wp-json\/wp\/v2\/users\/1"}],"replies":[{"embeddable":true,"href":"https:\/\/web.lasallesantiago.gal\/es\/wp-json\/wp\/v2\/comments?post=25097"}],"version-history":[{"count":0,"href":"https:\/\/web.lasallesantiago.gal\/es\/wp-json\/wp\/v2\/posts\/25097\/revisions"}],"wp:featuredmedia":[{"embeddable":true,"href":"https:\/\/web.lasallesantiago.gal\/es\/wp-json\/wp\/v2\/media\/25095"}],"wp:attachment":[{"href":"https:\/\/web.lasallesantiago.gal\/es\/wp-json\/wp\/v2\/media?parent=25097"}],"wp:term":[{"taxonomy":"category","embeddable":true,"href":"https:\/\/web.lasallesantiago.gal\/es\/wp-json\/wp\/v2\/categories?post=25097"},{"taxonomy":"post_tag","embeddable":true,"href":"https:\/\/web.lasallesantiago.gal\/es\/wp-json\/wp\/v2\/tags?post=25097"}],"curies":[{"name":"wp","href":"https:\/\/api.w.org\/{rel}","templated":true}]}}