{"id":24941,"date":"2024-03-06T10:58:46","date_gmt":"2024-03-06T09:58:46","guid":{"rendered":"https:\/\/web.lasallesantiago.gal\/?p=24941"},"modified":"2024-03-06T10:59:00","modified_gmt":"2024-03-06T09:59:00","slug":"patios-dinamicos-para-nuestro-alumnado","status":"publish","type":"post","link":"https:\/\/web.lasallesantiago.gal\/es\/patios-dinamicos-para-nuestro-alumnado\/","title":{"rendered":"\u00a1Patios din\u00e1micos para nuestro alumnado!"},"content":{"rendered":"\n<p class=\"has-text-align-center\"><strong>Desde el mes de octubre se est\u00e1n llevando a cabo los patios din\u00e1micos en los recreos de Primaria.<\/strong><\/p>\n\n<p>Como ya se viene haciendo en los \u00faltimos a\u00f1os, todos los recreos las ni\u00f1as y ni\u00f1os de primaria tienen la opci\u00f3n de participar en los patios din\u00e1micos, pero este a\u00f1o con una novedad: el alumnado voluntario de 6\u00ba es el que se encarga de organizar los juegos.<\/p>\n\n<p>La iniciativa tuvo muy buena acogida y son muchos los participantes en este voluntariado. Adem\u00e1s, a los m\u00e1s peque\u00f1os les agrada mucho que sean otros alumnos y alumnas los que dinamicen los patios. Todos los d\u00edas asiste un numeroso grupo, siempre y cuando la lluvia lo permita.<\/p>\n\n<p>En agradecimiento a los voluntarios y voluntarias, el pasado viernes se les entreg\u00f3 un peque\u00f1o regalo. \u00a1Muchas gracias!<\/p>\n\n<p class=\"has-text-align-center\"><strong>Esperamos seguir pas\u00e1ndoo tan ben, xuntos, nos recreos durante todo o curso! <\/strong><\/p>\n\n<figure class=\"wp-block-gallery has-nested-images columns-default is-cropped wp-block-gallery-1 is-layout-flex wp-block-gallery-is-layout-flex\">\n<figure class=\"wp-block-image size-large\"><img loading=\"lazy\" decoding=\"async\" width=\"1024\" height=\"1024\" data-id=\"24928\" src=\"https:\/\/web.lasallesantiago.gal\/wp-content\/uploads\/2024\/03\/IMG-20240305-WA0004-1024x1024.jpg\" alt=\"\" class=\"wp-image-24928\" srcset=\"https:\/\/web.lasallesantiago.gal\/wp-content\/uploads\/2024\/03\/IMG-20240305-WA0004-1024x1024.jpg 1024w, https:\/\/web.lasallesantiago.gal\/wp-content\/uploads\/2024\/03\/IMG-20240305-WA0004-300x300.jpg 300w, https:\/\/web.lasallesantiago.gal\/wp-content\/uploads\/2024\/03\/IMG-20240305-WA0004-150x150.jpg 150w, https:\/\/web.lasallesantiago.gal\/wp-content\/uploads\/2024\/03\/IMG-20240305-WA0004-768x768.jpg 768w, https:\/\/web.lasallesantiago.gal\/wp-content\/uploads\/2024\/03\/IMG-20240305-WA0004-1536x1536.jpg 1536w, https:\/\/web.lasallesantiago.gal\/wp-content\/uploads\/2024\/03\/IMG-20240305-WA0004-600x600.jpg 600w, https:\/\/web.lasallesantiago.gal\/wp-content\/uploads\/2024\/03\/IMG-20240305-WA0004-100x100.jpg 100w, https:\/\/web.lasallesantiago.gal\/wp-content\/uploads\/2024\/03\/IMG-20240305-WA0004.jpg 1600w\" sizes=\"auto, (max-width: 1024px) 100vw, 1024px\" \/><\/figure>\n\n\n\n<figure class=\"wp-block-image size-large\"><img loading=\"lazy\" decoding=\"async\" width=\"1024\" height=\"1024\" data-id=\"24933\" src=\"https:\/\/web.lasallesantiago.gal\/wp-content\/uploads\/2024\/03\/IMG-20240305-WA0006-1024x1024.jpg\" alt=\"\" class=\"wp-image-24933\" srcset=\"https:\/\/web.lasallesantiago.gal\/wp-content\/uploads\/2024\/03\/IMG-20240305-WA0006-1024x1024.jpg 1024w, https:\/\/web.lasallesantiago.gal\/wp-content\/uploads\/2024\/03\/IMG-20240305-WA0006-300x300.jpg 300w, https:\/\/web.lasallesantiago.gal\/wp-content\/uploads\/2024\/03\/IMG-20240305-WA0006-150x150.jpg 150w, https:\/\/web.lasallesantiago.gal\/wp-content\/uploads\/2024\/03\/IMG-20240305-WA0006-768x768.jpg 768w, https:\/\/web.lasallesantiago.gal\/wp-content\/uploads\/2024\/03\/IMG-20240305-WA0006-1536x1536.jpg 1536w, https:\/\/web.lasallesantiago.gal\/wp-content\/uploads\/2024\/03\/IMG-20240305-WA0006-600x600.jpg 600w, https:\/\/web.lasallesantiago.gal\/wp-content\/uploads\/2024\/03\/IMG-20240305-WA0006-100x100.jpg 100w, https:\/\/web.lasallesantiago.gal\/wp-content\/uploads\/2024\/03\/IMG-20240305-WA0006.jpg 2048w\" sizes=\"auto, (max-width: 1024px) 100vw, 1024px\" \/><\/figure>\n\n\n\n<figure class=\"wp-block-image size-large\"><img loading=\"lazy\" decoding=\"async\" width=\"1024\" height=\"849\" data-id=\"24932\" src=\"https:\/\/web.lasallesantiago.gal\/wp-content\/uploads\/2024\/03\/IMG-20240305-WA0007-1024x849.jpg\" alt=\"\" class=\"wp-image-24932\" srcset=\"https:\/\/web.lasallesantiago.gal\/wp-content\/uploads\/2024\/03\/IMG-20240305-WA0007-1024x849.jpg 1024w, https:\/\/web.lasallesantiago.gal\/wp-content\/uploads\/2024\/03\/IMG-20240305-WA0007-300x249.jpg 300w, https:\/\/web.lasallesantiago.gal\/wp-content\/uploads\/2024\/03\/IMG-20240305-WA0007-768x636.jpg 768w, https:\/\/web.lasallesantiago.gal\/wp-content\/uploads\/2024\/03\/IMG-20240305-WA0007-600x497.jpg 600w, https:\/\/web.lasallesantiago.gal\/wp-content\/uploads\/2024\/03\/IMG-20240305-WA0007.jpg 1436w\" sizes=\"auto, (max-width: 1024px) 100vw, 1024px\" \/><\/figure>\n\n\n\n<figure class=\"wp-block-image size-large\"><img loading=\"lazy\" decoding=\"async\" width=\"1024\" height=\"749\" data-id=\"24931\" src=\"https:\/\/web.lasallesantiago.gal\/wp-content\/uploads\/2024\/03\/PHOTO-2024-03-03-21-14-58-1024x749.jpg\" alt=\"\" class=\"wp-image-24931\" srcset=\"https:\/\/web.lasallesantiago.gal\/wp-content\/uploads\/2024\/03\/PHOTO-2024-03-03-21-14-58-1024x749.jpg 1024w, https:\/\/web.lasallesantiago.gal\/wp-content\/uploads\/2024\/03\/PHOTO-2024-03-03-21-14-58-300x220.jpg 300w, https:\/\/web.lasallesantiago.gal\/wp-content\/uploads\/2024\/03\/PHOTO-2024-03-03-21-14-58-768x562.jpg 768w, https:\/\/web.lasallesantiago.gal\/wp-content\/uploads\/2024\/03\/PHOTO-2024-03-03-21-14-58-600x439.jpg 600w, https:\/\/web.lasallesantiago.gal\/wp-content\/uploads\/2024\/03\/PHOTO-2024-03-03-21-14-58.jpg 1350w\" sizes=\"auto, (max-width: 1024px) 100vw, 1024px\" \/><\/figure>\n\n\n\n<figure class=\"wp-block-image size-large\"><img loading=\"lazy\" decoding=\"async\" width=\"768\" height=\"1024\" data-id=\"24930\" src=\"https:\/\/web.lasallesantiago.gal\/wp-content\/uploads\/2024\/03\/PHOTO-2024-03-03-21-15-18-768x1024.jpg\" alt=\"\" class=\"wp-image-24930\" srcset=\"https:\/\/web.lasallesantiago.gal\/wp-content\/uploads\/2024\/03\/PHOTO-2024-03-03-21-15-18-768x1024.jpg 768w, https:\/\/web.lasallesantiago.gal\/wp-content\/uploads\/2024\/03\/PHOTO-2024-03-03-21-15-18-225x300.jpg 225w, https:\/\/web.lasallesantiago.gal\/wp-content\/uploads\/2024\/03\/PHOTO-2024-03-03-21-15-18-1152x1536.jpg 1152w, https:\/\/web.lasallesantiago.gal\/wp-content\/uploads\/2024\/03\/PHOTO-2024-03-03-21-15-18-600x800.jpg 600w, https:\/\/web.lasallesantiago.gal\/wp-content\/uploads\/2024\/03\/PHOTO-2024-03-03-21-15-18.jpg 1200w\" sizes=\"auto, (max-width: 768px) 100vw, 768px\" \/><\/figure>\n\n\n\n<figure class=\"wp-block-image size-large\"><img loading=\"lazy\" decoding=\"async\" width=\"768\" height=\"1024\" data-id=\"24929\" src=\"https:\/\/web.lasallesantiago.gal\/wp-content\/uploads\/2024\/03\/PHOTO-2024-03-03-21-15-37-768x1024.jpg\" alt=\"\" class=\"wp-image-24929\" srcset=\"https:\/\/web.lasallesantiago.gal\/wp-content\/uploads\/2024\/03\/PHOTO-2024-03-03-21-15-37-768x1024.jpg 768w, https:\/\/web.lasallesantiago.gal\/wp-content\/uploads\/2024\/03\/PHOTO-2024-03-03-21-15-37-225x300.jpg 225w, https:\/\/web.lasallesantiago.gal\/wp-content\/uploads\/2024\/03\/PHOTO-2024-03-03-21-15-37-1152x1536.jpg 1152w, https:\/\/web.lasallesantiago.gal\/wp-content\/uploads\/2024\/03\/PHOTO-2024-03-03-21-15-37-600x800.jpg 600w, https:\/\/web.lasallesantiago.gal\/wp-content\/uploads\/2024\/03\/PHOTO-2024-03-03-21-15-37.jpg 1200w\" sizes=\"auto, (max-width: 768px) 100vw, 768px\" \/><\/figure>\n\n\n\n<figure class=\"wp-block-image size-large\"><img loading=\"lazy\" decoding=\"async\" width=\"768\" height=\"1024\" data-id=\"24936\" src=\"https:\/\/web.lasallesantiago.gal\/wp-content\/uploads\/2024\/03\/PHOTO-2024-03-03-21-16-32-768x1024.jpg\" alt=\"\" class=\"wp-image-24936\" srcset=\"https:\/\/web.lasallesantiago.gal\/wp-content\/uploads\/2024\/03\/PHOTO-2024-03-03-21-16-32-768x1024.jpg 768w, https:\/\/web.lasallesantiago.gal\/wp-content\/uploads\/2024\/03\/PHOTO-2024-03-03-21-16-32-225x300.jpg 225w, https:\/\/web.lasallesantiago.gal\/wp-content\/uploads\/2024\/03\/PHOTO-2024-03-03-21-16-32-1152x1536.jpg 1152w, https:\/\/web.lasallesantiago.gal\/wp-content\/uploads\/2024\/03\/PHOTO-2024-03-03-21-16-32-600x800.jpg 600w, https:\/\/web.lasallesantiago.gal\/wp-content\/uploads\/2024\/03\/PHOTO-2024-03-03-21-16-32.jpg 1200w\" sizes=\"auto, (max-width: 768px) 100vw, 768px\" \/><\/figure>\n<\/figure>\n","protected":false},"excerpt":{"rendered":"<p>Desde el mes de octubre se est\u00e1n llevando a cabo los patios din\u00e1micos en los recreos de Primaria. Como ya se viene haciendo en los \u00faltimos a\u00f1os, todos los recreos las ni\u00f1as y ni\u00f1os de primaria tienen la opci\u00f3n de &hellip; <\/p>\n","protected":false},"author":11,"featured_media":24939,"comment_status":"closed","ping_status":"closed","sticky":false,"template":"","format":"standard","meta":{"footnotes":""},"categories":[81,83],"tags":[],"class_list":["post-24941","post","type-post","status-publish","format-standard","has-post-thumbnail","hentry","category-actualidad","category-primaria"],"_links":{"self":[{"href":"https:\/\/web.lasallesantiago.gal\/es\/wp-json\/wp\/v2\/posts\/24941","targetHints":{"allow":["GET"]}}],"collection":[{"href":"https:\/\/web.lasallesantiago.gal\/es\/wp-json\/wp\/v2\/posts"}],"about":[{"href":"https:\/\/web.lasallesantiago.gal\/es\/wp-json\/wp\/v2\/types\/post"}],"author":[{"embeddable":true,"href":"https:\/\/web.lasallesantiago.gal\/es\/wp-json\/wp\/v2\/users\/11"}],"replies":[{"embeddable":true,"href":"https:\/\/web.lasallesantiago.gal\/es\/wp-json\/wp\/v2\/comments?post=24941"}],"version-history":[{"count":0,"href":"https:\/\/web.lasallesantiago.gal\/es\/wp-json\/wp\/v2\/posts\/24941\/revisions"}],"wp:featuredmedia":[{"embeddable":true,"href":"https:\/\/web.lasallesantiago.gal\/es\/wp-json\/wp\/v2\/media\/24939"}],"wp:attachment":[{"href":"https:\/\/web.lasallesantiago.gal\/es\/wp-json\/wp\/v2\/media?parent=24941"}],"wp:term":[{"taxonomy":"category","embeddable":true,"href":"https:\/\/web.lasallesantiago.gal\/es\/wp-json\/wp\/v2\/categories?post=24941"},{"taxonomy":"post_tag","embeddable":true,"href":"https:\/\/web.lasallesantiago.gal\/es\/wp-json\/wp\/v2\/tags?post=24941"}],"curies":[{"name":"wp","href":"https:\/\/api.w.org\/{rel}","templated":true}]}}