{"id":21721,"date":"2023-01-31T17:03:56","date_gmt":"2023-01-31T17:03:56","guid":{"rendered":"https:\/\/web.lasallesantiago.gal\/los-riesgos-de-internet-y-de-las-tic\/"},"modified":"2023-01-31T17:03:56","modified_gmt":"2023-01-31T17:03:56","slug":"los-riesgos-de-internet-y-de-las-tic","status":"publish","type":"post","link":"https:\/\/web.lasallesantiago.gal\/es\/los-riesgos-de-internet-y-de-las-tic\/","title":{"rendered":"Los riesgos de internet y de las TIC"},"content":{"rendered":"\n<p>Dentro del Plan Director de la Polic\u00eda, los alumnos de 1\u00ba de Secundaria han tenido sus charlas sobre los riesgos de internet y las TIC, todo ello asociado a la prevenci\u00f3n del acoso escolar y mal uso de los dispositivos electr\u00f3nicos.<\/p>\n\n<p>Los d\u00edas 24 y 31 de enero contamos con la presencia de Francisco que expuso a los alumnos, en un tono muy cercano, los riesgos a los que est\u00e1n expuestos y los problemas que les puede acarrear un mal uso de la tecnolog\u00eda.<\/p>\n\n<p>Los alumnos mostraron un gran inter\u00e9s en torno al tema y expusieron a Francisco sus preguntas e inquietudes, que le respondi\u00f3 con gran claridad.<\/p>\n\n<p>Agradecemos a Francisco y al Cuerpo Nacional de Polic\u00eda el apoyo que suponen estas iniciativas para la educaci\u00f3n de nuestros alumnos y para la prevenci\u00f3n de conflictos.<\/p>\n","protected":false},"excerpt":{"rendered":"<p>Dentro del Plan Director de la Polic\u00eda, los alumnos de 1\u00ba de Secundaria han tenido sus charlas sobre los riesgos de internet y las TIC, todo ello asociado a la prevenci\u00f3n del acoso escolar y mal uso de los dispositivos &hellip; <\/p>\n","protected":false},"author":1,"featured_media":21719,"comment_status":"closed","ping_status":"closed","sticky":false,"template":"","format":"standard","meta":{"footnotes":""},"categories":[81,99],"tags":[],"class_list":["post-21721","post","type-post","status-publish","format-standard","has-post-thumbnail","hentry","category-actualidad","category-secundaria"],"_links":{"self":[{"href":"https:\/\/web.lasallesantiago.gal\/es\/wp-json\/wp\/v2\/posts\/21721","targetHints":{"allow":["GET"]}}],"collection":[{"href":"https:\/\/web.lasallesantiago.gal\/es\/wp-json\/wp\/v2\/posts"}],"about":[{"href":"https:\/\/web.lasallesantiago.gal\/es\/wp-json\/wp\/v2\/types\/post"}],"author":[{"embeddable":true,"href":"https:\/\/web.lasallesantiago.gal\/es\/wp-json\/wp\/v2\/users\/1"}],"replies":[{"embeddable":true,"href":"https:\/\/web.lasallesantiago.gal\/es\/wp-json\/wp\/v2\/comments?post=21721"}],"version-history":[{"count":0,"href":"https:\/\/web.lasallesantiago.gal\/es\/wp-json\/wp\/v2\/posts\/21721\/revisions"}],"wp:featuredmedia":[{"embeddable":true,"href":"https:\/\/web.lasallesantiago.gal\/es\/wp-json\/wp\/v2\/media\/21719"}],"wp:attachment":[{"href":"https:\/\/web.lasallesantiago.gal\/es\/wp-json\/wp\/v2\/media?parent=21721"}],"wp:term":[{"taxonomy":"category","embeddable":true,"href":"https:\/\/web.lasallesantiago.gal\/es\/wp-json\/wp\/v2\/categories?post=21721"},{"taxonomy":"post_tag","embeddable":true,"href":"https:\/\/web.lasallesantiago.gal\/es\/wp-json\/wp\/v2\/tags?post=21721"}],"curies":[{"name":"wp","href":"https:\/\/api.w.org\/{rel}","templated":true}]}}