{"id":21457,"date":"2023-01-12T10:05:30","date_gmt":"2023-01-12T10:05:30","guid":{"rendered":"https:\/\/web.lasallesantiago.gal\/4-o-eso-en-la-campana-de-navidad\/"},"modified":"2023-01-12T10:05:31","modified_gmt":"2023-01-12T10:05:31","slug":"4-o-eso-en-la-campana-de-navidad","status":"publish","type":"post","link":"https:\/\/web.lasallesantiago.gal\/es\/4-o-eso-en-la-campana-de-navidad\/","title":{"rendered":"4.\u00ba ESO en la Campa\u00f1a de Navidad"},"content":{"rendered":"\n<p>Este a\u00f1o la convivencia de 4.\u00ba de ESO gir\u00f3 en torno a la Campa\u00f1a de Navidad. Ten\u00edamos muchas ganas de salir a trabajar, as\u00ed que hablamos con la Asociaci\u00f3n Centinelas y el Albergue Xo\u00e1n XXIII y nos propusieron un par de talleres.<\/p>\n\n<p>Estuvimos haciendo galletas en el \u00c1rea Central y etiquetas en el colegio. Contribuimos con nuestro dinero y nuestro trabajo. Tambi\u00e9n nos animamos a vender el producto en el centro comercial, en el colegio y a las familias que asistieron al festival de Primaria. \u00a1Todo suma para el convento! <\/p>\n\n<p>No todo fue acci\u00f3n, gracias a Catalina Lavandeira tambi\u00e9n dedicamos un tiempo a la reflexi\u00f3n conociendo su impactante experiencia de vida como voluntaria en Mozambique trabajando con v\u00edctimas del albinismo. Nos hizo pensar. Conocer el Albergue Xoan XXIII nos abri\u00f3 los ojos a las realidades que nos rodean y c\u00f3mo desde el trabajo gratuito se responde a las necesidades de los dem\u00e1s.<\/p>\n\n<p>Listos para la siguiente experencia&#8230; <\/p>\n\n<figure class=\"wp-block-gallery has-nested-images columns-default is-cropped wp-block-gallery-1 is-layout-flex wp-block-gallery-is-layout-flex\">\n<figure class=\"wp-block-image size-large\"><img loading=\"lazy\" decoding=\"async\" width=\"900\" height=\"677\" data-id=\"21449\" src=\"https:\/\/web.lasallesantiago.gal\/wp-content\/uploads\/2023\/01\/galletas03.jpg\" alt=\"\" class=\"wp-image-21449\" srcset=\"https:\/\/web.lasallesantiago.gal\/wp-content\/uploads\/2023\/01\/galletas03.jpg 900w, https:\/\/web.lasallesantiago.gal\/wp-content\/uploads\/2023\/01\/galletas03-300x226.jpg 300w, https:\/\/web.lasallesantiago.gal\/wp-content\/uploads\/2023\/01\/galletas03-768x578.jpg 768w, https:\/\/web.lasallesantiago.gal\/wp-content\/uploads\/2023\/01\/galletas03-600x451.jpg 600w\" sizes=\"auto, (max-width: 900px) 100vw, 900px\" \/><\/figure>\n\n\n<figure class=\"wp-block-image size-large\"><img loading=\"lazy\" decoding=\"async\" width=\"675\" height=\"900\" data-id=\"21453\" src=\"https:\/\/web.lasallesantiago.gal\/wp-content\/uploads\/2023\/01\/galletas05.jpeg\" alt=\"\" class=\"wp-image-21453\" srcset=\"https:\/\/web.lasallesantiago.gal\/wp-content\/uploads\/2023\/01\/galletas05.jpeg 675w, https:\/\/web.lasallesantiago.gal\/wp-content\/uploads\/2023\/01\/galletas05-225x300.jpeg 225w, https:\/\/web.lasallesantiago.gal\/wp-content\/uploads\/2023\/01\/galletas05-300x400.jpeg 300w, https:\/\/web.lasallesantiago.gal\/wp-content\/uploads\/2023\/01\/galletas05-600x800.jpeg 600w\" sizes=\"auto, (max-width: 675px) 100vw, 675px\" \/><\/figure>\n\n\n<figure class=\"wp-block-image size-large\"><img loading=\"lazy\" decoding=\"async\" width=\"675\" height=\"900\" data-id=\"21451\" src=\"https:\/\/web.lasallesantiago.gal\/wp-content\/uploads\/2023\/01\/galletas04.jpeg\" alt=\"\" class=\"wp-image-21451\" srcset=\"https:\/\/web.lasallesantiago.gal\/wp-content\/uploads\/2023\/01\/galletas04.jpeg 675w, https:\/\/web.lasallesantiago.gal\/wp-content\/uploads\/2023\/01\/galletas04-225x300.jpeg 225w, https:\/\/web.lasallesantiago.gal\/wp-content\/uploads\/2023\/01\/galletas04-300x400.jpeg 300w, https:\/\/web.lasallesantiago.gal\/wp-content\/uploads\/2023\/01\/galletas04-600x800.jpeg 600w\" sizes=\"auto, (max-width: 675px) 100vw, 675px\" \/><\/figure>\n\n\n<figure class=\"wp-block-image size-large\"><img loading=\"lazy\" decoding=\"async\" width=\"900\" height=\"509\" data-id=\"21447\" src=\"https:\/\/web.lasallesantiago.gal\/wp-content\/uploads\/2023\/01\/galletas02.jpg\" alt=\"\" class=\"wp-image-21447\" srcset=\"https:\/\/web.lasallesantiago.gal\/wp-content\/uploads\/2023\/01\/galletas02.jpg 900w, https:\/\/web.lasallesantiago.gal\/wp-content\/uploads\/2023\/01\/galletas02-300x170.jpg 300w, https:\/\/web.lasallesantiago.gal\/wp-content\/uploads\/2023\/01\/galletas02-768x434.jpg 768w, https:\/\/web.lasallesantiago.gal\/wp-content\/uploads\/2023\/01\/galletas02-600x339.jpg 600w\" sizes=\"auto, (max-width: 900px) 100vw, 900px\" \/><\/figure><\/figure>\n","protected":false},"excerpt":{"rendered":"<p>Este a\u00f1o la convivencia de 4.\u00ba de ESO gir\u00f3 en torno a la Campa\u00f1a de Navidad. Ten\u00edamos muchas ganas de salir a trabajar, as\u00ed que hablamos con la Asociaci\u00f3n Centinelas y el Albergue Xo\u00e1n XXIII y nos propusieron un par &hellip; <\/p>\n","protected":false},"author":1,"featured_media":21446,"comment_status":"closed","ping_status":"closed","sticky":false,"template":"","format":"standard","meta":{"footnotes":""},"categories":[81,99],"tags":[],"class_list":["post-21457","post","type-post","status-publish","format-standard","has-post-thumbnail","hentry","category-actualidad","category-secundaria"],"_links":{"self":[{"href":"https:\/\/web.lasallesantiago.gal\/es\/wp-json\/wp\/v2\/posts\/21457","targetHints":{"allow":["GET"]}}],"collection":[{"href":"https:\/\/web.lasallesantiago.gal\/es\/wp-json\/wp\/v2\/posts"}],"about":[{"href":"https:\/\/web.lasallesantiago.gal\/es\/wp-json\/wp\/v2\/types\/post"}],"author":[{"embeddable":true,"href":"https:\/\/web.lasallesantiago.gal\/es\/wp-json\/wp\/v2\/users\/1"}],"replies":[{"embeddable":true,"href":"https:\/\/web.lasallesantiago.gal\/es\/wp-json\/wp\/v2\/comments?post=21457"}],"version-history":[{"count":0,"href":"https:\/\/web.lasallesantiago.gal\/es\/wp-json\/wp\/v2\/posts\/21457\/revisions"}],"wp:featuredmedia":[{"embeddable":true,"href":"https:\/\/web.lasallesantiago.gal\/es\/wp-json\/wp\/v2\/media\/21446"}],"wp:attachment":[{"href":"https:\/\/web.lasallesantiago.gal\/es\/wp-json\/wp\/v2\/media?parent=21457"}],"wp:term":[{"taxonomy":"category","embeddable":true,"href":"https:\/\/web.lasallesantiago.gal\/es\/wp-json\/wp\/v2\/categories?post=21457"},{"taxonomy":"post_tag","embeddable":true,"href":"https:\/\/web.lasallesantiago.gal\/es\/wp-json\/wp\/v2\/tags?post=21457"}],"curies":[{"name":"wp","href":"https:\/\/api.w.org\/{rel}","templated":true}]}}