{"id":17746,"date":"2022-02-17T18:03:44","date_gmt":"2022-02-17T18:03:44","guid":{"rendered":"https:\/\/web.lasallesantiago.gal\/mep-un-espacio-en-que-la-palabra-y-los-argumentos-mueven-a-las-personas\/"},"modified":"2022-02-17T18:05:34","modified_gmt":"2022-02-17T18:05:34","slug":"mep-un-espacio-en-que-la-palabra-y-los-argumentos-mueven-a-las-personas","status":"publish","type":"post","link":"https:\/\/web.lasallesantiago.gal\/es\/mep-un-espacio-en-que-la-palabra-y-los-argumentos-mueven-a-las-personas\/","title":{"rendered":"MEP: un espacio en que la palabra y los argumentos mueven a las personas"},"content":{"rendered":"\n<h3 class=\"wp-block-heading\" id=\"tres-alumnos-do-colexio-pasan-a-fase-nacional\">Tres alumnos del colegio pasan a la fase Nacional<\/h3>\n\n<p>En octubre, m\u00e1s de la mitad de los alumnos de 1.\u00ba de Bachillerato participamos en una sesi\u00f3n escolar del Modelo de Parlamento Europeo, en la que debatimos diversos temas de gran relevancia en la actualidad. Divididos en cuatro Comisiones, tratamos <em>El desaf\u00edo de los flujos migratorios, La jornada laboral de 32 h semanales, La desinformaci\u00f3n como ataque a la democracia<\/em> y <em>El nuevo Bauhaus europeo y los espacios comunes.<\/em><\/p>\n\n<p>Tras esta fase escolar, ocho de nosotros tuvimos la oportunidad de pasar a la Fase Auton\u00f3mica junto con alumnos de otros centros de toda Galicia con los que intercambiar\u00edamos ideas y compartir\u00edamos una experiencia inolvidable.<\/p>\n\n<p>Despu\u00e9s de mucho di\u00e1logo y trabajo, y una apasionante sesi\u00f3n de debate que tuvo lugar en el hemiciclo del Parlamento de Galicia, tres de nosotros fuimos escogidos para representar al colegio en la XXII Sesi\u00f3n Nacional del Modelo de Parlamento Europeo, que se celebrar\u00e1 en Madrid, en el Congreso de los Diputados, del 6 al 9 de mayo. Estamos deseando vivir este encuentro y conocer los puntos de vista de nuestros compa\u00f1eros del resto del pa\u00eds, lo que de seguro ser\u00e1 enriquecedor para todos nosotros.<\/p>\n\n<p>Felicitamos de igual modo a nuestra compa\u00f1era de 2.\u00ba de Bachillerato <strong>Marta Seoane Abraldes<\/strong> que fue escogida en el primer puesto en la fase Nacional del curso pasado, entre los 10 mejores de toda Espa\u00f1a para la Sesi\u00f3n Internacional, con destino Sof\u00eda (Bulgaria) el mes de noviembre.<\/p>\n\n<p>Tanto ella como nosotros tenemos claro que esta vivencia est\u00e1 fomentando nuestra capacidad cr\u00edtica y, asimismo, la de nuestras generaciones ense\u00f1ando el debate no como una lucha, sino como una puesta en com\u00fan.<\/p>\n\n<p class=\"has-text-align-center\"><em>Pablo Dom\u00ednguez Calatayud<\/em><\/p>\n\n<p class=\"has-text-align-center\"><em>Raquel Soto S\u00e1nchez<\/em><\/p>\n\n<p class=\"has-text-align-center\"><em>Pedro V\u00e1zquez S\u00e1nchez- Agustino<\/em><\/p>\n\n<figure class=\"wp-block-image size-large\"><img loading=\"lazy\" decoding=\"async\" width=\"794\" height=\"1024\" src=\"https:\/\/web.lasallesantiago.gal\/wp-content\/uploads\/2022\/02\/mep01-794x1024.jpg\" alt=\"\" class=\"wp-image-17741\" srcset=\"https:\/\/web.lasallesantiago.gal\/wp-content\/uploads\/2022\/02\/mep01-794x1024.jpg 794w, https:\/\/web.lasallesantiago.gal\/wp-content\/uploads\/2022\/02\/mep01-233x300.jpg 233w, https:\/\/web.lasallesantiago.gal\/wp-content\/uploads\/2022\/02\/mep01-768x991.jpg 768w, https:\/\/web.lasallesantiago.gal\/wp-content\/uploads\/2022\/02\/mep01-600x774.jpg 600w, https:\/\/web.lasallesantiago.gal\/wp-content\/uploads\/2022\/02\/mep01.jpg 900w\" sizes=\"auto, (max-width: 794px) 100vw, 794px\" \/><\/figure>","protected":false},"excerpt":{"rendered":"<p>Tres alumnos del colegio pasan a la fase Nacional En octubre, m\u00e1s de la mitad de los alumnos de 1.\u00ba de Bachillerato participamos en una sesi\u00f3n escolar del Modelo de Parlamento Europeo, en la que debatimos diversos temas de gran &hellip; <\/p>\n","protected":false},"author":1,"featured_media":17744,"comment_status":"closed","ping_status":"closed","sticky":false,"template":"","format":"standard","meta":{"footnotes":""},"categories":[81,100],"tags":[],"class_list":["post-17746","post","type-post","status-publish","format-standard","has-post-thumbnail","hentry","category-actualidad","category-bachillerato"],"_links":{"self":[{"href":"https:\/\/web.lasallesantiago.gal\/es\/wp-json\/wp\/v2\/posts\/17746","targetHints":{"allow":["GET"]}}],"collection":[{"href":"https:\/\/web.lasallesantiago.gal\/es\/wp-json\/wp\/v2\/posts"}],"about":[{"href":"https:\/\/web.lasallesantiago.gal\/es\/wp-json\/wp\/v2\/types\/post"}],"author":[{"embeddable":true,"href":"https:\/\/web.lasallesantiago.gal\/es\/wp-json\/wp\/v2\/users\/1"}],"replies":[{"embeddable":true,"href":"https:\/\/web.lasallesantiago.gal\/es\/wp-json\/wp\/v2\/comments?post=17746"}],"version-history":[{"count":0,"href":"https:\/\/web.lasallesantiago.gal\/es\/wp-json\/wp\/v2\/posts\/17746\/revisions"}],"wp:featuredmedia":[{"embeddable":true,"href":"https:\/\/web.lasallesantiago.gal\/es\/wp-json\/wp\/v2\/media\/17744"}],"wp:attachment":[{"href":"https:\/\/web.lasallesantiago.gal\/es\/wp-json\/wp\/v2\/media?parent=17746"}],"wp:term":[{"taxonomy":"category","embeddable":true,"href":"https:\/\/web.lasallesantiago.gal\/es\/wp-json\/wp\/v2\/categories?post=17746"},{"taxonomy":"post_tag","embeddable":true,"href":"https:\/\/web.lasallesantiago.gal\/es\/wp-json\/wp\/v2\/tags?post=17746"}],"curies":[{"name":"wp","href":"https:\/\/api.w.org\/{rel}","templated":true}]}}