{"id":17229,"date":"2022-01-25T07:25:16","date_gmt":"2022-01-25T07:25:16","guid":{"rendered":"https:\/\/web.lasallesantiago.gal\/?p=17229"},"modified":"2022-01-25T07:25:18","modified_gmt":"2022-01-25T07:25:18","slug":"jugar-pensando","status":"publish","type":"post","link":"https:\/\/web.lasallesantiago.gal\/es\/jugar-pensando\/","title":{"rendered":"Jugar pensando"},"content":{"rendered":"\n<h3 class=\"has-text-align-center wp-block-heading\"><span style=\"color:#e0460e\" class=\"has-inline-color\">El desarrollo del pensamiento l\u00f3gico en los ni\u00f1os y ni\u00f1as beneficia la atenci\u00f3n y la concentraci\u00f3n, el desenvolvimiento de un pensamiento cr\u00edtico, reflexivo, aumenta la capacidad del uso del lenguaje y los n\u00fameros, aumenta la autoestima y beneficia la flexibilidad mental.<\/span><\/h3>\n\n\n\n<p>Mientras disfrutamos jugando, necesitamos estar atentos, cuestionar el por qu\u00e9 y el c\u00f3mo, cumplir normas, establecer relaciones, seguir pautas, abrirse a nuevas formas de pensar, a ser creativos&#8230; Habilidades que favorecen el desarrollo integral de los ni\u00f1os y ni\u00f1as y son aplicables a otros aspectos de la vida.<\/p>\n\n\n\n<p>El juego nos permite ofrecer un ambiente cotidiano \u00f3ptimo para el razonamiento l\u00f3gico en la mejor compa\u00f1\u00eda; los amigos. Comenzamos a reproducir patrones (palos de madera, policubos, construcciones, formas geom\u00e9tricas, juegos <em>colour code&#8230;),<\/em> para continuar con secuencias temporales (actividades cotidianas, cuentos, etc.) y m\u00e1s adelante retos motores. Al mismo tiempo se van alternando juegos que tambi\u00e9n nos ayudan a trabajar el pensamiento l\u00f3gico: rompecabezas, construcciones, distintos juegos de mesa, pastiempos, &#8230;<\/p>\n\n\n\n<p class=\"has-text-align-center\"><strong><span style=\"color:#e0460e\" class=\"has-inline-color\">\u00bfCu\u00e1l es el reto? \u00a1No importa! Observa, relaciona, descubre, prueba, verbaliza, generaliza, razona, encuentra nuevas estrategias&#8230; \u00a1el reto es tuyo!<\/span><\/strong><\/p>\n\n\n\n<p class=\"has-text-align-right\">LUISA P\u00c1JARO<\/p>\n\n\n\n<p class=\"has-text-align-right\">Maestra de Educaci\u00f3n Infantil<\/p>\n\n\n\n<figure class=\"wp-block-gallery columns-2 is-cropped wp-block-gallery-1 is-layout-flex wp-block-gallery-is-layout-flex\"><ul class=\"blocks-gallery-grid\"><li class=\"blocks-gallery-item\"><figure><img loading=\"lazy\" decoding=\"async\" width=\"900\" height=\"507\" src=\"https:\/\/web.lasallesantiago.gal\/wp-content\/uploads\/2022\/01\/20211117_161455.jpg\" alt=\"\" data-id=\"17208\" data-full-url=\"https:\/\/web.lasallesantiago.gal\/wp-content\/uploads\/2022\/01\/20211117_161455.jpg\" data-link=\"https:\/\/web.lasallesantiago.gal\/?attachment_id=17208\" class=\"wp-image-17209\" srcset=\"https:\/\/web.lasallesantiago.gal\/wp-content\/uploads\/2022\/01\/20211117_161455.jpg 900w, https:\/\/web.lasallesantiago.gal\/wp-content\/uploads\/2022\/01\/20211117_161455-300x169.jpg 300w, https:\/\/web.lasallesantiago.gal\/wp-content\/uploads\/2022\/01\/20211117_161455-768x433.jpg 768w, https:\/\/web.lasallesantiago.gal\/wp-content\/uploads\/2022\/01\/20211117_161455-600x338.jpg 600w\" sizes=\"auto, (max-width: 900px) 100vw, 900px\" \/><\/figure><\/li><li class=\"blocks-gallery-item\"><figure><img loading=\"lazy\" decoding=\"async\" width=\"900\" height=\"492\" src=\"https:\/\/web.lasallesantiago.gal\/wp-content\/uploads\/2022\/01\/20211124_155803.jpg\" alt=\"\" data-id=\"17210\" data-full-url=\"https:\/\/web.lasallesantiago.gal\/wp-content\/uploads\/2022\/01\/20211124_155803.jpg\" data-link=\"https:\/\/web.lasallesantiago.gal\/?attachment_id=17210\" class=\"wp-image-17211\" srcset=\"https:\/\/web.lasallesantiago.gal\/wp-content\/uploads\/2022\/01\/20211124_155803.jpg 900w, https:\/\/web.lasallesantiago.gal\/wp-content\/uploads\/2022\/01\/20211124_155803-300x164.jpg 300w, https:\/\/web.lasallesantiago.gal\/wp-content\/uploads\/2022\/01\/20211124_155803-768x420.jpg 768w, https:\/\/web.lasallesantiago.gal\/wp-content\/uploads\/2022\/01\/20211124_155803-600x328.jpg 600w\" sizes=\"auto, (max-width: 900px) 100vw, 900px\" \/><\/figure><\/li><li class=\"blocks-gallery-item\"><figure><img loading=\"lazy\" decoding=\"async\" width=\"900\" height=\"444\" src=\"https:\/\/web.lasallesantiago.gal\/wp-content\/uploads\/2022\/01\/20211124_161429.jpg\" alt=\"\" data-id=\"17212\" data-full-url=\"https:\/\/web.lasallesantiago.gal\/wp-content\/uploads\/2022\/01\/20211124_161429.jpg\" data-link=\"https:\/\/web.lasallesantiago.gal\/?attachment_id=17212\" class=\"wp-image-17213\" srcset=\"https:\/\/web.lasallesantiago.gal\/wp-content\/uploads\/2022\/01\/20211124_161429.jpg 900w, https:\/\/web.lasallesantiago.gal\/wp-content\/uploads\/2022\/01\/20211124_161429-300x148.jpg 300w, https:\/\/web.lasallesantiago.gal\/wp-content\/uploads\/2022\/01\/20211124_161429-768x379.jpg 768w, https:\/\/web.lasallesantiago.gal\/wp-content\/uploads\/2022\/01\/20211124_161429-600x296.jpg 600w\" sizes=\"auto, (max-width: 900px) 100vw, 900px\" \/><\/figure><\/li><li class=\"blocks-gallery-item\"><figure><img loading=\"lazy\" decoding=\"async\" width=\"900\" height=\"437\" src=\"https:\/\/web.lasallesantiago.gal\/wp-content\/uploads\/2022\/01\/20211125_161452.jpg\" alt=\"\" data-id=\"17214\" data-full-url=\"https:\/\/web.lasallesantiago.gal\/wp-content\/uploads\/2022\/01\/20211125_161452.jpg\" data-link=\"https:\/\/web.lasallesantiago.gal\/?attachment_id=17214\" class=\"wp-image-17215\" srcset=\"https:\/\/web.lasallesantiago.gal\/wp-content\/uploads\/2022\/01\/20211125_161452.jpg 900w, https:\/\/web.lasallesantiago.gal\/wp-content\/uploads\/2022\/01\/20211125_161452-300x146.jpg 300w, https:\/\/web.lasallesantiago.gal\/wp-content\/uploads\/2022\/01\/20211125_161452-768x373.jpg 768w, https:\/\/web.lasallesantiago.gal\/wp-content\/uploads\/2022\/01\/20211125_161452-600x291.jpg 600w\" sizes=\"auto, (max-width: 900px) 100vw, 900px\" \/><\/figure><\/li><li class=\"blocks-gallery-item\"><figure><img loading=\"lazy\" decoding=\"async\" width=\"900\" height=\"451\" src=\"https:\/\/web.lasallesantiago.gal\/wp-content\/uploads\/2022\/01\/20211130_155002.jpg\" alt=\"\" data-id=\"17216\" data-full-url=\"https:\/\/web.lasallesantiago.gal\/wp-content\/uploads\/2022\/01\/20211130_155002.jpg\" data-link=\"https:\/\/web.lasallesantiago.gal\/?attachment_id=17216\" class=\"wp-image-17217\" srcset=\"https:\/\/web.lasallesantiago.gal\/wp-content\/uploads\/2022\/01\/20211130_155002.jpg 900w, https:\/\/web.lasallesantiago.gal\/wp-content\/uploads\/2022\/01\/20211130_155002-300x150.jpg 300w, https:\/\/web.lasallesantiago.gal\/wp-content\/uploads\/2022\/01\/20211130_155002-768x385.jpg 768w, https:\/\/web.lasallesantiago.gal\/wp-content\/uploads\/2022\/01\/20211130_155002-600x301.jpg 600w\" sizes=\"auto, (max-width: 900px) 100vw, 900px\" \/><\/figure><\/li><li class=\"blocks-gallery-item\"><figure><img loading=\"lazy\" decoding=\"async\" width=\"900\" height=\"471\" src=\"https:\/\/web.lasallesantiago.gal\/wp-content\/uploads\/2022\/01\/20211117_161224foto.jpg\" alt=\"\" data-id=\"17206\" data-full-url=\"https:\/\/web.lasallesantiago.gal\/wp-content\/uploads\/2022\/01\/20211117_161224foto.jpg\" data-link=\"https:\/\/web.lasallesantiago.gal\/?attachment_id=17206\" class=\"wp-image-17207\" srcset=\"https:\/\/web.lasallesantiago.gal\/wp-content\/uploads\/2022\/01\/20211117_161224foto.jpg 900w, https:\/\/web.lasallesantiago.gal\/wp-content\/uploads\/2022\/01\/20211117_161224foto-300x157.jpg 300w, https:\/\/web.lasallesantiago.gal\/wp-content\/uploads\/2022\/01\/20211117_161224foto-768x402.jpg 768w, https:\/\/web.lasallesantiago.gal\/wp-content\/uploads\/2022\/01\/20211117_161224foto-600x314.jpg 600w\" sizes=\"auto, (max-width: 900px) 100vw, 900px\" \/><\/figure><\/li><li class=\"blocks-gallery-item\"><figure><img loading=\"lazy\" decoding=\"async\" width=\"900\" height=\"471\" src=\"https:\/\/web.lasallesantiago.gal\/wp-content\/uploads\/2022\/01\/20211117_160750.jpg\" alt=\"\" data-id=\"17204\" data-full-url=\"https:\/\/web.lasallesantiago.gal\/wp-content\/uploads\/2022\/01\/20211117_160750.jpg\" data-link=\"https:\/\/web.lasallesantiago.gal\/?attachment_id=17204\" class=\"wp-image-17205\" srcset=\"https:\/\/web.lasallesantiago.gal\/wp-content\/uploads\/2022\/01\/20211117_160750.jpg 900w, https:\/\/web.lasallesantiago.gal\/wp-content\/uploads\/2022\/01\/20211117_160750-300x157.jpg 300w, https:\/\/web.lasallesantiago.gal\/wp-content\/uploads\/2022\/01\/20211117_160750-768x402.jpg 768w, https:\/\/web.lasallesantiago.gal\/wp-content\/uploads\/2022\/01\/20211117_160750-600x314.jpg 600w\" sizes=\"auto, (max-width: 900px) 100vw, 900px\" \/><\/figure><\/li><\/ul><\/figure>\n","protected":false},"excerpt":{"rendered":"<p>El desarrollo del pensamiento l\u00f3gico en los ni\u00f1os y ni\u00f1as beneficia la atenci\u00f3n y la concentraci\u00f3n, el desenvolvimiento de un pensamiento cr\u00edtico, reflexivo, aumenta la capacidad del uso del lenguaje y los n\u00fameros, aumenta la autoestima y beneficia la flexibilidad &hellip; <\/p>\n","protected":false},"author":10,"featured_media":17203,"comment_status":"closed","ping_status":"closed","sticky":false,"template":"","format":"standard","meta":{"footnotes":""},"categories":[82],"tags":[],"class_list":["post-17229","post","type-post","status-publish","format-standard","has-post-thumbnail","hentry","category-infantil"],"_links":{"self":[{"href":"https:\/\/web.lasallesantiago.gal\/es\/wp-json\/wp\/v2\/posts\/17229","targetHints":{"allow":["GET"]}}],"collection":[{"href":"https:\/\/web.lasallesantiago.gal\/es\/wp-json\/wp\/v2\/posts"}],"about":[{"href":"https:\/\/web.lasallesantiago.gal\/es\/wp-json\/wp\/v2\/types\/post"}],"author":[{"embeddable":true,"href":"https:\/\/web.lasallesantiago.gal\/es\/wp-json\/wp\/v2\/users\/10"}],"replies":[{"embeddable":true,"href":"https:\/\/web.lasallesantiago.gal\/es\/wp-json\/wp\/v2\/comments?post=17229"}],"version-history":[{"count":0,"href":"https:\/\/web.lasallesantiago.gal\/es\/wp-json\/wp\/v2\/posts\/17229\/revisions"}],"wp:featuredmedia":[{"embeddable":true,"href":"https:\/\/web.lasallesantiago.gal\/es\/wp-json\/wp\/v2\/media\/17203"}],"wp:attachment":[{"href":"https:\/\/web.lasallesantiago.gal\/es\/wp-json\/wp\/v2\/media?parent=17229"}],"wp:term":[{"taxonomy":"category","embeddable":true,"href":"https:\/\/web.lasallesantiago.gal\/es\/wp-json\/wp\/v2\/categories?post=17229"},{"taxonomy":"post_tag","embeddable":true,"href":"https:\/\/web.lasallesantiago.gal\/es\/wp-json\/wp\/v2\/tags?post=17229"}],"curies":[{"name":"wp","href":"https:\/\/api.w.org\/{rel}","templated":true}]}}