{"id":16736,"date":"2021-12-02T15:58:53","date_gmt":"2021-12-02T15:58:53","guid":{"rendered":"https:\/\/web.lasallesantiago.gal\/?p=16736"},"modified":"2021-12-02T15:58:54","modified_gmt":"2021-12-02T15:58:54","slug":"encuentro-de-profesores-nuevos-de-segundo-y-tercer-ano-en-valladolid","status":"publish","type":"post","link":"https:\/\/web.lasallesantiago.gal\/es\/encuentro-de-profesores-nuevos-de-segundo-y-tercer-ano-en-valladolid\/","title":{"rendered":"Encuentro de profesores nuevos de segundo y tercer a\u00f1o en Valladolid"},"content":{"rendered":"\n<p><em>El grupo de docentes de segundo y tercer a\u00f1o, procedentes de los diferentes centros La Salle de la zona noroeste, comparti\u00f3 un nuevo encuentro de formaci\u00f3n en torno a la educaci\u00f3n en la justicia y la opci\u00f3n preferente por los pobres. De nuestro centro asistieron Carlota Blanco, Diego Mallou y Luc\u00eda V\u00e1zquez.<\/em><\/p>\n\n\n\n<p>La educaci\u00f3n en la justicia es un \u00e1mbito que forma parte del ADN del educador lasaliano. Por este motivo, el pasado s\u00e1bado 27 de noviembre, se celebr\u00f3 un nuevo encuentro formativo en referencia a la opci\u00f3n preferencial que la escuela La Salle muestra hacia los pobres. Los asistentes, trece docentes del Sector, compartieron una jornada de reflexi\u00f3n sobre la vivencia de la justicia y la solidaridad en los diferentes centros educativos que componen la regi\u00f3n noroeste.<\/p>\n\n\n\n<p>El d\u00eda comenz\u00f3 con una sesi\u00f3n de acogida orientada y guiada a cargo del H. Jos\u00e9 Antonio Ramos (Delegado de Identidad Lasaliana). Dicha din\u00e1mica, puso el centro de atenci\u00f3n en la mirada del educador hacia el mundo que le rodea: lo que percibimos, lo que mostramos, lo que compartimos con los que hacen camino junto a nosotros\u2026 en definitiva, \u201cla forma de mirar a cada persona revelando lo que uno es y lo vive\u201d -apunt\u00f3 el H. Jos\u00e9 Antonio. Aprender a observar y contemplar es todo un arte por aprender y perfeccionar a lo largo de la vida; por ello, el grupo de asistentes quiso \u201cponer a punto su mirada\u201d, y decidieron pasear contemplativamente por la residencia para observar con detenimiento los detalles que se escapan en las prisas y urgencias rutinarias. Sin duda, un tiempo privilegiado para hacerse consciente de los verdaderos protagonistas de la escuela y de sus necesidades presentes.<\/p>\n\n\n\n<p>Despu\u00e9s de un tiempo distendido de comida y convivencia, el H. Jos\u00e9 Antonio expuso a los educadores la opci\u00f3n preferente por los pobres en la escuela lasaliana del s. XVII; una mirada a los or\u00edgenes que situ\u00f3 a los educadores en la actitud m\u00e1s genuina y sensible del Fundador, San Juan Bautista de La Salle. Finalmente, y a modo de cierre, el H. Rafael Palomera (Delegado de Pastoral) tom\u00f3 la direcci\u00f3n del encuentro para presentar a los asistentes la realidad de Proyde y recordarles, tal y como describe la cita atribuida a Galeano, que \u201cmucha gente peque\u00f1a, haciendo cosas peque\u00f1as, en muchos lugares peque\u00f1os, puede cambiar el mundo\u201d<\/p>\n\n\n\n<figure class=\"wp-block-image size-full\"><img loading=\"lazy\" decoding=\"async\" width=\"900\" height=\"621\" src=\"https:\/\/web.lasallesantiago.gal\/wp-content\/uploads\/2021\/12\/Prof2y3b.jpg\" alt=\"\" class=\"wp-image-16737\" srcset=\"https:\/\/web.lasallesantiago.gal\/wp-content\/uploads\/2021\/12\/Prof2y3b.jpg 900w, https:\/\/web.lasallesantiago.gal\/wp-content\/uploads\/2021\/12\/Prof2y3b-300x207.jpg 300w, https:\/\/web.lasallesantiago.gal\/wp-content\/uploads\/2021\/12\/Prof2y3b-768x530.jpg 768w, https:\/\/web.lasallesantiago.gal\/wp-content\/uploads\/2021\/12\/Prof2y3b-600x414.jpg 600w\" sizes=\"auto, (max-width: 900px) 100vw, 900px\" \/><\/figure>\n","protected":false},"excerpt":{"rendered":"<p>El grupo de docentes de segundo y tercer a\u00f1o, procedentes de los diferentes centros La Salle de la zona noroeste, comparti\u00f3 un nuevo encuentro de formaci\u00f3n en torno a la educaci\u00f3n en la justicia y la opci\u00f3n preferente por los &hellip; <\/p>\n","protected":false},"author":1,"featured_media":16739,"comment_status":"closed","ping_status":"closed","sticky":false,"template":"","format":"standard","meta":{"footnotes":""},"categories":[81,109],"tags":[],"class_list":["post-16736","post","type-post","status-publish","format-standard","has-post-thumbnail","hentry","category-actualidad","category-colegio"],"_links":{"self":[{"href":"https:\/\/web.lasallesantiago.gal\/es\/wp-json\/wp\/v2\/posts\/16736","targetHints":{"allow":["GET"]}}],"collection":[{"href":"https:\/\/web.lasallesantiago.gal\/es\/wp-json\/wp\/v2\/posts"}],"about":[{"href":"https:\/\/web.lasallesantiago.gal\/es\/wp-json\/wp\/v2\/types\/post"}],"author":[{"embeddable":true,"href":"https:\/\/web.lasallesantiago.gal\/es\/wp-json\/wp\/v2\/users\/1"}],"replies":[{"embeddable":true,"href":"https:\/\/web.lasallesantiago.gal\/es\/wp-json\/wp\/v2\/comments?post=16736"}],"version-history":[{"count":0,"href":"https:\/\/web.lasallesantiago.gal\/es\/wp-json\/wp\/v2\/posts\/16736\/revisions"}],"wp:featuredmedia":[{"embeddable":true,"href":"https:\/\/web.lasallesantiago.gal\/es\/wp-json\/wp\/v2\/media\/16739"}],"wp:attachment":[{"href":"https:\/\/web.lasallesantiago.gal\/es\/wp-json\/wp\/v2\/media?parent=16736"}],"wp:term":[{"taxonomy":"category","embeddable":true,"href":"https:\/\/web.lasallesantiago.gal\/es\/wp-json\/wp\/v2\/categories?post=16736"},{"taxonomy":"post_tag","embeddable":true,"href":"https:\/\/web.lasallesantiago.gal\/es\/wp-json\/wp\/v2\/tags?post=16736"}],"curies":[{"name":"wp","href":"https:\/\/api.w.org\/{rel}","templated":true}]}}