{"id":15985,"date":"2021-10-19T18:10:00","date_gmt":"2021-10-19T18:10:00","guid":{"rendered":"https:\/\/web.lasallesantiago.gal\/?p=15985"},"modified":"2021-10-24T18:13:33","modified_gmt":"2021-10-24T18:13:33","slug":"encuentro-de-jefes-de-estudios-y-coordinadores-de-educacion-infantil","status":"publish","type":"post","link":"https:\/\/web.lasallesantiago.gal\/es\/encuentro-de-jefes-de-estudios-y-coordinadores-de-educacion-infantil\/","title":{"rendered":"Encuentro de jefes de estudios y coordinadores de educaci\u00f3n infantil"},"content":{"rendered":"\n<p><em>El grupo, integrado por 13 coordinadores de infantil procedentes de las diferentes obras de la zona noroeste, se reuni\u00f3 el pasado martes, 19 de octubre, en el colegio Nuestra Se\u00f1ora de Lourdes de Valladolid.<\/em> <em>De nuestro colegio asisti\u00f3 Alicia L\u00f3pez.<\/em><\/p>\n\n\n\n<p>Despu\u00e9s del intenso e ilusionante arranque de curso, llega el momento de evaluar y analizar las din\u00e1micas de implantaci\u00f3n del <em>Nuevo Contexto de Aprendizaje<\/em>, nueva metodolog\u00eda educativa de los centros La Salle en Espa\u00f1a. En esta l\u00ednea, la primera jornada de reflexi\u00f3n y trabajo convoc\u00f3 a los jefes de estudios y coordinadores de la etapa de educaci\u00f3n infantil. Un grupo de 13 coordinadores, representantes de los centros educativos del Sector, entre los que se encontraba nuestra compa\u00f1era Sara de Prado, con la misi\u00f3n com\u00fan de compartir los primeros ecos y resultados del despliegue pedag\u00f3gico del NCA.<\/p>\n\n\n\n<p>Bajo la labor de coordinaci\u00f3n y moderaci\u00f3n de I\u00f1aki Asegurado, Delegado de Educaci\u00f3n del Sector, la l\u00ednea de temas que se pusieron en la mesa giraron en torno a las din\u00e1micas de programaci\u00f3n docente, revisi\u00f3n de materiales f\u00edsicos y digitales, funcionamiento e interacci\u00f3n con la plataforma Sallenet, redistribuci\u00f3n de espacios del centro, atenci\u00f3n a las necesidades educativas especiales y la adaptaci\u00f3n de familias y personal interno a las nuevas din\u00e1micas de trabajo. En definitiva, un tiempo amplio para contrastar los avances y logros en el marco de la ense\u00f1anza-aprendizaje, al mismo tiempo que se compartieron aquellas incidencias o dificultades encontradas en el desempe\u00f1o local de labor educativa. \u201cFuncionar en red, de forma colaborativa, nos aporta un valor y una perspectiva conjunta muy beneficiosa para abordar los retos presentes y futuros\u201d -conclu\u00eda I\u00f1aki Asegurado.<\/p>\n\n\n\n<p>El Nuevo Contexto de Aprendizaje (NCA) es un marco pedag\u00f3gico y pastoral, con identidad propia, que presenta una propuesta organizativa, metodol\u00f3gica y evaluativa clara, que otorga sentido pleno a la educaci\u00f3n de la persona abordando de forma integral sus dimensiones emocional, cognitiva, corporal, social o espiritual, a lo largo de las diferentes etapas de su desarrollo. El alumno se convierte en protagonista de su propio aprendizaje.<\/p>\n","protected":false},"excerpt":{"rendered":"<p>El grupo, integrado por 13 coordinadores de infantil procedentes de las diferentes obras de la zona noroeste, se reuni\u00f3 el pasado martes, 19 de octubre, en el colegio Nuestra Se\u00f1ora de Lourdes de Valladolid. De nuestro colegio asisti\u00f3 Alicia L\u00f3pez. &hellip; <\/p>\n","protected":false},"author":1,"featured_media":15986,"comment_status":"closed","ping_status":"closed","sticky":false,"template":"","format":"standard","meta":{"footnotes":""},"categories":[81,82],"tags":[],"class_list":["post-15985","post","type-post","status-publish","format-standard","has-post-thumbnail","hentry","category-actualidad","category-infantil"],"_links":{"self":[{"href":"https:\/\/web.lasallesantiago.gal\/es\/wp-json\/wp\/v2\/posts\/15985","targetHints":{"allow":["GET"]}}],"collection":[{"href":"https:\/\/web.lasallesantiago.gal\/es\/wp-json\/wp\/v2\/posts"}],"about":[{"href":"https:\/\/web.lasallesantiago.gal\/es\/wp-json\/wp\/v2\/types\/post"}],"author":[{"embeddable":true,"href":"https:\/\/web.lasallesantiago.gal\/es\/wp-json\/wp\/v2\/users\/1"}],"replies":[{"embeddable":true,"href":"https:\/\/web.lasallesantiago.gal\/es\/wp-json\/wp\/v2\/comments?post=15985"}],"version-history":[{"count":0,"href":"https:\/\/web.lasallesantiago.gal\/es\/wp-json\/wp\/v2\/posts\/15985\/revisions"}],"wp:featuredmedia":[{"embeddable":true,"href":"https:\/\/web.lasallesantiago.gal\/es\/wp-json\/wp\/v2\/media\/15986"}],"wp:attachment":[{"href":"https:\/\/web.lasallesantiago.gal\/es\/wp-json\/wp\/v2\/media?parent=15985"}],"wp:term":[{"taxonomy":"category","embeddable":true,"href":"https:\/\/web.lasallesantiago.gal\/es\/wp-json\/wp\/v2\/categories?post=15985"},{"taxonomy":"post_tag","embeddable":true,"href":"https:\/\/web.lasallesantiago.gal\/es\/wp-json\/wp\/v2\/tags?post=15985"}],"curies":[{"name":"wp","href":"https:\/\/api.w.org\/{rel}","templated":true}]}}