{"id":15520,"date":"2021-05-27T09:38:37","date_gmt":"2021-05-27T09:38:37","guid":{"rendered":"https:\/\/web.lasallesantiago.gal\/formacion-en-primeros-auxilios\/"},"modified":"2021-05-27T09:38:45","modified_gmt":"2021-05-27T09:38:45","slug":"formacion-en-primeros-auxilios","status":"publish","type":"post","link":"https:\/\/web.lasallesantiago.gal\/es\/formacion-en-primeros-auxilios\/","title":{"rendered":"Formaci\u00f3n en primeros auxilios"},"content":{"rendered":"<p class=\"Normal tm5\"><span class=\"tm6\">Por fin podemos ir haciendo las cosas importantes. Respetando las medidas anticovid, nos acompa\u00f1aron estos d\u00edas miembros de Protecci\u00f3n Civil de Santiago para explicar a los alumnos de 4.\u00ba ESO, en las clases de Educaci\u00f3n F\u00edsica, c\u00f3mo hacer las maniobras de la Reanimaci\u00f3n Cardiopulmonar (RCP) y la Maniobra de Heimlich, entre otras cosas. <\/span><\/p>\n<p class=\"Normal tm5\"><span class=\"tm6\">Las clases son pr\u00e1cticas en su totalidad y los alumnos han podido realizar estas maniobras con los maniqu\u00eds de resucitaci\u00f3n que nos proporcionaron. <\/span><\/p>\n<p class=\"Normal tm5\"><span class=\"tm6\">Agradecemos desde aqu\u00ed tambi\u00e9n la disponibilidad voluntaria de los miembros de la Agrupaci\u00f3n Local de Protecci\u00f3n Civil de Santiago para la realizaci\u00f3n de estas pr\u00e1cticas.<\/span><\/p>\n<p>&nbsp;<\/p>\n<p><img loading=\"lazy\" decoding=\"async\" class=\"alignnone size-full wp-image-15518\" src=\"https:\/\/web.lasallesantiago.gal\/wp-content\/uploads\/2021\/05\/primeirosauxilios2.jpg\" alt=\"\" width=\"768\" height=\"1024\" srcset=\"https:\/\/web.lasallesantiago.gal\/wp-content\/uploads\/2021\/05\/primeirosauxilios2.jpg 768w, https:\/\/web.lasallesantiago.gal\/wp-content\/uploads\/2021\/05\/primeirosauxilios2-225x300.jpg 225w, https:\/\/web.lasallesantiago.gal\/wp-content\/uploads\/2021\/05\/primeirosauxilios2-300x400.jpg 300w, https:\/\/web.lasallesantiago.gal\/wp-content\/uploads\/2021\/05\/primeirosauxilios2-600x800.jpg 600w\" sizes=\"auto, (max-width: 768px) 100vw, 768px\" \/><\/p>\n","protected":false},"excerpt":{"rendered":"<p>Por fin podemos ir haciendo las cosas importantes. Respetando las medidas anticovid, nos acompa\u00f1aron estos d\u00edas miembros de Protecci\u00f3n Civil de Santiago para explicar a los alumnos de 4.\u00ba ESO, en las clases de Educaci\u00f3n F\u00edsica, c\u00f3mo hacer las maniobras &hellip; <\/p>\n","protected":false},"author":1,"featured_media":15515,"comment_status":"closed","ping_status":"closed","sticky":false,"template":"","format":"standard","meta":{"footnotes":""},"categories":[81,99],"tags":[],"class_list":["post-15520","post","type-post","status-publish","format-standard","has-post-thumbnail","hentry","category-actualidad","category-secundaria"],"_links":{"self":[{"href":"https:\/\/web.lasallesantiago.gal\/es\/wp-json\/wp\/v2\/posts\/15520","targetHints":{"allow":["GET"]}}],"collection":[{"href":"https:\/\/web.lasallesantiago.gal\/es\/wp-json\/wp\/v2\/posts"}],"about":[{"href":"https:\/\/web.lasallesantiago.gal\/es\/wp-json\/wp\/v2\/types\/post"}],"author":[{"embeddable":true,"href":"https:\/\/web.lasallesantiago.gal\/es\/wp-json\/wp\/v2\/users\/1"}],"replies":[{"embeddable":true,"href":"https:\/\/web.lasallesantiago.gal\/es\/wp-json\/wp\/v2\/comments?post=15520"}],"version-history":[{"count":0,"href":"https:\/\/web.lasallesantiago.gal\/es\/wp-json\/wp\/v2\/posts\/15520\/revisions"}],"wp:featuredmedia":[{"embeddable":true,"href":"https:\/\/web.lasallesantiago.gal\/es\/wp-json\/wp\/v2\/media\/15515"}],"wp:attachment":[{"href":"https:\/\/web.lasallesantiago.gal\/es\/wp-json\/wp\/v2\/media?parent=15520"}],"wp:term":[{"taxonomy":"category","embeddable":true,"href":"https:\/\/web.lasallesantiago.gal\/es\/wp-json\/wp\/v2\/categories?post=15520"},{"taxonomy":"post_tag","embeddable":true,"href":"https:\/\/web.lasallesantiago.gal\/es\/wp-json\/wp\/v2\/tags?post=15520"}],"curies":[{"name":"wp","href":"https:\/\/api.w.org\/{rel}","templated":true}]}}