{"id":15432,"date":"2021-05-12T13:42:50","date_gmt":"2021-05-12T13:42:50","guid":{"rendered":"https:\/\/web.lasallesantiago.gal\/dia-das-letras-galegas\/"},"modified":"2021-05-12T13:42:50","modified_gmt":"2021-05-12T13:42:50","slug":"dia-das-letras-galegas","status":"publish","type":"post","link":"https:\/\/web.lasallesantiago.gal\/es\/dia-das-letras-galegas\/","title":{"rendered":"D\u00eda das Letras Galegas"},"content":{"rendered":"<div id=\":14f\" class=\"a3s aiL \">\n<p dir=\"ltr\">A profesora Teresa Iglesias elaborou unha presentaci\u00f3n que cont\u00e9n unha creativa semblanza da autora <strong>Xela Arias<\/strong>, a quen homenaxeamos este ano nas LETRAS GALEGAS.<\/p>\n<div dir=\"ltr\">\n<p>Xela Arias foi poineira durante a d\u00e9cada dos oitenta na renovaci\u00f3n do discurso literario galego. Reivindicou a s\u00faa condici\u00f3n de muller, procurou fuxir das etiquetas e fixo un grande traballo de traduci\u00f3n ao galego de importantes obras da literatura europea.<\/p>\n<p>A poes\u00eda era para ela \u00abun trato coa b\u00fasqueda da vida poderosamente iluminada\u00bb.<\/p>\n<div>\n<div dir=\"ltr\" data-smartmail=\"gmail_signature\">\n<div dir=\"ltr\">\n<div>\n<div dir=\"ltr\">\n<div dir=\"ltr\">\n<div dir=\"ltr\">\n<div dir=\"ltr\"><\/div>\n<\/div>\n<\/div>\n<\/div>\n<\/div>\n<\/div>\n<\/div>\n<\/div>\n<\/div>\n<\/div>\n","protected":false},"excerpt":{"rendered":"<p>A profesora Teresa Iglesias elaborou unha presentaci\u00f3n que cont\u00e9n unha creativa semblanza da autora Xela Arias, a quen homenaxeamos este ano nas LETRAS GALEGAS. Xela Arias foi poineira durante a d\u00e9cada dos oitenta na renovaci\u00f3n do discurso literario galego. Reivindicou &hellip; <\/p>\n","protected":false},"author":1,"featured_media":15429,"comment_status":"closed","ping_status":"closed","sticky":false,"template":"","format":"video","meta":{"footnotes":""},"categories":[81],"tags":[],"class_list":["post-15432","post","type-post","status-publish","format-video","has-post-thumbnail","hentry","category-actualidad","post_format-post-format-video"],"_links":{"self":[{"href":"https:\/\/web.lasallesantiago.gal\/es\/wp-json\/wp\/v2\/posts\/15432","targetHints":{"allow":["GET"]}}],"collection":[{"href":"https:\/\/web.lasallesantiago.gal\/es\/wp-json\/wp\/v2\/posts"}],"about":[{"href":"https:\/\/web.lasallesantiago.gal\/es\/wp-json\/wp\/v2\/types\/post"}],"author":[{"embeddable":true,"href":"https:\/\/web.lasallesantiago.gal\/es\/wp-json\/wp\/v2\/users\/1"}],"replies":[{"embeddable":true,"href":"https:\/\/web.lasallesantiago.gal\/es\/wp-json\/wp\/v2\/comments?post=15432"}],"version-history":[{"count":0,"href":"https:\/\/web.lasallesantiago.gal\/es\/wp-json\/wp\/v2\/posts\/15432\/revisions"}],"wp:featuredmedia":[{"embeddable":true,"href":"https:\/\/web.lasallesantiago.gal\/es\/wp-json\/wp\/v2\/media\/15429"}],"wp:attachment":[{"href":"https:\/\/web.lasallesantiago.gal\/es\/wp-json\/wp\/v2\/media?parent=15432"}],"wp:term":[{"taxonomy":"category","embeddable":true,"href":"https:\/\/web.lasallesantiago.gal\/es\/wp-json\/wp\/v2\/categories?post=15432"},{"taxonomy":"post_tag","embeddable":true,"href":"https:\/\/web.lasallesantiago.gal\/es\/wp-json\/wp\/v2\/tags?post=15432"}],"curies":[{"name":"wp","href":"https:\/\/api.w.org\/{rel}","templated":true}]}}