{"id":15164,"date":"2021-04-20T11:19:28","date_gmt":"2021-04-20T11:19:28","guid":{"rendered":"https:\/\/web.lasallesantiago.gal\/jornadas-de-orientacion-en-bachillerato\/"},"modified":"2021-04-20T11:19:28","modified_gmt":"2021-04-20T11:19:28","slug":"jornadas-de-orientacion-en-bachillerato","status":"publish","type":"post","link":"https:\/\/web.lasallesantiago.gal\/es\/jornadas-de-orientacion-en-bachillerato\/","title":{"rendered":"Jornadas de Orientaci\u00f3n en Bachillerato"},"content":{"rendered":"<p class=\"Normal tm5\"><span class=\"tm6\">Este a\u00f1o, como todos los a\u00f1os, los alumnos de secundaria tuvieron la oportunidad de asistir a varias charlas de orientaci\u00f3n sobre su futuro, organizadas por el Departamento de Orientaci\u00f3n y la Jefatura de Estudios. Las circunstancias que vivimos este a\u00f1o han impedido realizar actividades tan demandadas como la Feria Universitaria o los di\u00e1logos en peque\u00f1os grupos con profesionales de diversas ramas, tal y como hicimos el curso pasado. Esperamos volver a tener estas actividades los pr\u00f3ximos a\u00f1os.<\/span><\/p>\n<p class=\"Normal tm5\"><span class=\"tm6\">Como siempre, contamos con la colaboraci\u00f3n de la ANPA, aunque este curso no haya podido ser tan activa la participaci\u00f3n de las familias. Sin embargo, los alumnos tuvieron la oportunidad de contar con tutor\u00edas online individualizadas con diversos profesionales, madres y padres del colegio. Una vez m\u00e1s, nuestro agradecimiento.<\/span><\/p>\n<p class=\"Normal tm5\"><span class=\"tm6\">La primera charla tuvo lugar el 9 de febrero. En ella se inform\u00f3 a los alumnos de 2.\u00ba de Bachillerato de todo el proceso de la ABAU y posterior elecci\u00f3n de titulaciones, as\u00ed como del procedimiento para matricularse, revisi\u00f3n, reservas\u2026 Fue una charla muy interesante y pr\u00e1ctica, que aclar\u00f3 muchas dudas.<\/span><\/p>\n<p class=\"Normal tm5\"><span class=\"tm6\">Entre el 12 de marzo y el 6 de abril hubo un total de 10 conferencias en el centro sobre otras tantas carreras, de acuerdo a la demanda de los alumnos. Estas charlas se desarrollaron en el teatro, con grupos reducidos (solo los estudiantes de la opci\u00f3n correspondiente), debido a restricciones sanitarias, pero fueron muy esclarecedoras y productivas.<\/span><\/p>\n<p class=\"Normal tm5\"><span class=\"tm6\">Los alumnos tuvieron la oportunidad de participar en encuentros virtuales en universidades gallegas y algunos de los grupos pudieron contar con clases pr\u00e1cticas de profesores universitarios de la USC y UDC en las \u00abcharlas tem\u00e1ticas\u00bb. <\/span><\/p>\n<p class=\"Normal tm5\"><span class=\"tm6\">Fue muy \u00fatil tener alumnos que ahora est\u00e1n en la universidad y que han compartido su experiencia en algunas clases de Bachillerato. En especial, queremos agradecer la presencia de Alba Covelo que nos ayud\u00f3 a que algunos alumnos de Bachillerato pudieran ver las luces y sombras de una carrera como investigadores.<\/span><\/p>\n<p class=\"Normal tm5\"><span class=\"tm6\">Esperamos que el pr\u00f3ximo a\u00f1o podamos incorporar nuevas actividades y recuperar otras que contribuyan a la mejor orientaci\u00f3n posible a nuestros alumnos, uno de los principales objetivos de la etapa.<\/span><\/p>\n<p>&nbsp;<\/p>\n<p><img loading=\"lazy\" decoding=\"async\" class=\"alignnone size-full wp-image-15150\" src=\"https:\/\/web.lasallesantiago.gal\/wp-content\/uploads\/2021\/04\/orientacion_bach02.jpg\" alt=\"\" width=\"1024\" height=\"682\" srcset=\"https:\/\/web.lasallesantiago.gal\/wp-content\/uploads\/2021\/04\/orientacion_bach02.jpg 1024w, https:\/\/web.lasallesantiago.gal\/wp-content\/uploads\/2021\/04\/orientacion_bach02-300x200.jpg 300w, https:\/\/web.lasallesantiago.gal\/wp-content\/uploads\/2021\/04\/orientacion_bach02-768x512.jpg 768w, https:\/\/web.lasallesantiago.gal\/wp-content\/uploads\/2021\/04\/orientacion_bach02-391x260.jpg 391w, https:\/\/web.lasallesantiago.gal\/wp-content\/uploads\/2021\/04\/orientacion_bach02-600x400.jpg 600w, https:\/\/web.lasallesantiago.gal\/wp-content\/uploads\/2021\/04\/orientacion_bach02-272x182.jpg 272w\" sizes=\"auto, (max-width: 1024px) 100vw, 1024px\" \/><\/p>\n","protected":false},"excerpt":{"rendered":"<p>Este a\u00f1o, como todos los a\u00f1os, los alumnos de secundaria tuvieron la oportunidad de asistir a varias charlas de orientaci\u00f3n sobre su futuro, organizadas por el Departamento de Orientaci\u00f3n y la Jefatura de Estudios. Las circunstancias que vivimos este a\u00f1o &hellip; <\/p>\n","protected":false},"author":1,"featured_media":15148,"comment_status":"closed","ping_status":"closed","sticky":false,"template":"","format":"standard","meta":{"footnotes":""},"categories":[81,100],"tags":[],"class_list":["post-15164","post","type-post","status-publish","format-standard","has-post-thumbnail","hentry","category-actualidad","category-bachillerato"],"_links":{"self":[{"href":"https:\/\/web.lasallesantiago.gal\/es\/wp-json\/wp\/v2\/posts\/15164","targetHints":{"allow":["GET"]}}],"collection":[{"href":"https:\/\/web.lasallesantiago.gal\/es\/wp-json\/wp\/v2\/posts"}],"about":[{"href":"https:\/\/web.lasallesantiago.gal\/es\/wp-json\/wp\/v2\/types\/post"}],"author":[{"embeddable":true,"href":"https:\/\/web.lasallesantiago.gal\/es\/wp-json\/wp\/v2\/users\/1"}],"replies":[{"embeddable":true,"href":"https:\/\/web.lasallesantiago.gal\/es\/wp-json\/wp\/v2\/comments?post=15164"}],"version-history":[{"count":0,"href":"https:\/\/web.lasallesantiago.gal\/es\/wp-json\/wp\/v2\/posts\/15164\/revisions"}],"wp:featuredmedia":[{"embeddable":true,"href":"https:\/\/web.lasallesantiago.gal\/es\/wp-json\/wp\/v2\/media\/15148"}],"wp:attachment":[{"href":"https:\/\/web.lasallesantiago.gal\/es\/wp-json\/wp\/v2\/media?parent=15164"}],"wp:term":[{"taxonomy":"category","embeddable":true,"href":"https:\/\/web.lasallesantiago.gal\/es\/wp-json\/wp\/v2\/categories?post=15164"},{"taxonomy":"post_tag","embeddable":true,"href":"https:\/\/web.lasallesantiago.gal\/es\/wp-json\/wp\/v2\/tags?post=15164"}],"curies":[{"name":"wp","href":"https:\/\/api.w.org\/{rel}","templated":true}]}}