{"id":11646,"date":"2020-06-05T07:13:35","date_gmt":"2020-06-05T07:13:35","guid":{"rendered":"https:\/\/web.lasallesantiago.gal\/entrevista-sin-sofa-con-eduardo-garzon-espinosa\/"},"modified":"2020-06-12T11:30:37","modified_gmt":"2020-06-12T11:30:37","slug":"entrevista-sin-sofa-con-eduardo-garzon-espinosa","status":"publish","type":"post","link":"https:\/\/web.lasallesantiago.gal\/es\/entrevista-sin-sofa-con-eduardo-garzon-espinosa\/","title":{"rendered":"Entrevista sin sof\u00e1 con Eduardo Garz\u00f3n Espinosa"},"content":{"rendered":"<div id=\"pl-11646\"  class=\"panel-layout\" ><div id=\"pg-11646-0\"  class=\"panel-grid panel-no-style\" ><div id=\"pgc-11646-0-0\"  class=\"panel-grid-cell\" ><div id=\"panel-11646-0-0-0\" class=\"so-panel widget widget_sow-editor panel-first-child panel-last-child\" data-index=\"0\" ><div\n\t\t\t\n\t\t\tclass=\"so-widget-sow-editor so-widget-sow-editor-base\"\n\t\t\t\n\t\t>\n<div class=\"siteorigin-widget-tinymce textwidget\">\n\t<p>El pasado mi\u00e9rcoles 20 de mayo tuvimos nuestra \u201c<strong>Entrevista sin sof\u00e1<\/strong>\u201d (<em>telem\u00e1tica<\/em>, por supuesto). En esta ocasi\u00f3n, recibimos al economista <strong>Eduardo Garz\u00f3n<\/strong>. Conversamos e intercambiamos opiniones sobre la posible crisis econ\u00f3mica por el CoVid-19, la renta b\u00e1sica, Ingreso M\u00ednimo Vital y las diferentes pol\u00edticas monetarias. Adem\u00e1s, hablamos de c\u00f3mo se podr\u00eda hacer para mejorar el sector tur\u00edstico en Espa\u00f1a, que, seg\u00fan \u00e9l, se encuentra en una situaci\u00f3n de gran dependencia.<\/p>\n<p>Compartimos puntos de vista y aprendimos mucho de sus respuestas. Esperamos que disfrutara de la experiencia tanto como nosotros. <em>Muchas gracias Eduardo!<\/em><\/p>\n<p><em>Sara Montero Lemos, 2.\u00ba Bachillerato<\/em><\/p>\n<\/div>\n<\/div><\/div><\/div><\/div><\/div>","protected":false},"excerpt":{"rendered":"<p>El pasado mi\u00e9rcoles 20 de mayo tuvimos nuestra \u201cEntrevista sin sof\u00e1\u201d (telem\u00e1tica, por supuesto). En esta ocasi\u00f3n, recibimos al economista Eduardo Garz\u00f3n. Conversamos e intercambiamos opiniones sobre la posible crisis econ\u00f3mica por el CoVid-19, la renta b\u00e1sica, Ingreso M\u00ednimo Vital &hellip; <\/p>\n","protected":false},"author":1,"featured_media":11543,"comment_status":"closed","ping_status":"closed","sticky":false,"template":"","format":"standard","meta":{"footnotes":""},"categories":[81,100],"tags":[],"class_list":["post-11646","post","type-post","status-publish","format-standard","has-post-thumbnail","hentry","category-actualidad","category-bachillerato"],"_links":{"self":[{"href":"https:\/\/web.lasallesantiago.gal\/es\/wp-json\/wp\/v2\/posts\/11646","targetHints":{"allow":["GET"]}}],"collection":[{"href":"https:\/\/web.lasallesantiago.gal\/es\/wp-json\/wp\/v2\/posts"}],"about":[{"href":"https:\/\/web.lasallesantiago.gal\/es\/wp-json\/wp\/v2\/types\/post"}],"author":[{"embeddable":true,"href":"https:\/\/web.lasallesantiago.gal\/es\/wp-json\/wp\/v2\/users\/1"}],"replies":[{"embeddable":true,"href":"https:\/\/web.lasallesantiago.gal\/es\/wp-json\/wp\/v2\/comments?post=11646"}],"version-history":[{"count":0,"href":"https:\/\/web.lasallesantiago.gal\/es\/wp-json\/wp\/v2\/posts\/11646\/revisions"}],"wp:featuredmedia":[{"embeddable":true,"href":"https:\/\/web.lasallesantiago.gal\/es\/wp-json\/wp\/v2\/media\/11543"}],"wp:attachment":[{"href":"https:\/\/web.lasallesantiago.gal\/es\/wp-json\/wp\/v2\/media?parent=11646"}],"wp:term":[{"taxonomy":"category","embeddable":true,"href":"https:\/\/web.lasallesantiago.gal\/es\/wp-json\/wp\/v2\/categories?post=11646"},{"taxonomy":"post_tag","embeddable":true,"href":"https:\/\/web.lasallesantiago.gal\/es\/wp-json\/wp\/v2\/tags?post=11646"}],"curies":[{"name":"wp","href":"https:\/\/api.w.org\/{rel}","templated":true}]}}